{"id":1003,"date":"2023-11-03T11:58:14","date_gmt":"2023-11-03T14:58:14","guid":{"rendered":"https:\/\/vecinosdelinterior.com\/?p=1003"},"modified":"2023-11-03T11:58:14","modified_gmt":"2023-11-03T14:58:14","slug":"la-upro-prepara-los-actos-de-colacion-en-toda-la-provincia","status":"publish","type":"post","link":"https:\/\/vecinosdelinterior.com\/index.php\/2023\/11\/03\/la-upro-prepara-los-actos-de-colacion-en-toda-la-provincia\/","title":{"rendered":"La UPrO prepara los actos de colaci\u00f3n en toda la provincia"},"content":{"rendered":"\n<p>Ser\u00e1 un hecho hist\u00f3rico, donde m\u00e1s de 2400 alumnos del territorio sanluise\u00f1o van a recibir sus diplomas y se convertir\u00e1n en los primeros egresados de la Universidad Provincial de Oficios \u201cEva Per\u00f3n\u201d en varias de las extensiones que fueron inauguradas en 2022 y 2023.<\/p>\n\n\n\n<p>Este es el cronograma de actos previstos:<\/p>\n\n\n\n<p>Martes 21 de noviembre en Candelaria.<\/p>\n\n\n\n<p>Mi\u00e9rcoles 22 de noviembre en Quines.<\/p>\n\n\n\n<p>Jueves 23 de noviembre en San Mart\u00edn.<\/p>\n\n\n\n<p>Viernes 24 de noviembre en La Calera.<\/p>\n\n\n\n<p>Lunes 27 de noviembre en Buena Esperanza.<\/p>\n\n\n\n<p>Martes 28 de noviembre en Tilisarao.<\/p>\n\n\n\n<p>Mi\u00e9rcoles 29 de noviembre en Merlo.<\/p>\n\n\n\n<p>Viernes 1 de diciembre en San Luis.<\/p>\n\n\n\n<p>Lunes 4 de diciembre en Justo Daract.<\/p>\n\n\n\n<p>Mi\u00e9rcoles 6 de diciembre en Villa Mercedes.<\/p>\n\n\n\n<p>\u201cEs una enorme satisfacci\u00f3n llegar a todo el territorio y tener los primeros egresados, muchos de ellos ya est\u00e1n trabajando, a otros los estamos acompa\u00f1ando a emprender o insertarse laboralmente. La llegada de la UPrO ha revolucionado varias localidades cuyos j\u00f3venes abandonaban sus lugares en b\u00fasqueda de m\u00e1s y mejor educaci\u00f3n\u201d, expres\u00f3 el rector Joaqu\u00edn Surroca.<\/p>\n\n\n\n<p>Cada alumno, adem\u00e1s del t\u00edtulo, recibir\u00e1 su kit de herramientas, lo cual lo pondr\u00e1 r\u00e1pidamente en condiciones de comenzar a trabajar.<\/p>\n","protected":false},"excerpt":{"rendered":"<p>Ser\u00e1 un hecho hist\u00f3rico, donde m\u00e1s de 2400 alumnos del territorio sanluise\u00f1o van a recibir sus diplomas y se convertir\u00e1n en los primeros egresados de la Universidad Provincial de Oficios \u201cEva Per\u00f3n\u201d en varias de las extensiones que fueron inauguradas en 2022 y 2023. Este es el cronograma de actos previstos: Martes 21 de noviembre [&hellip;]<\/p>\n","protected":false},"author":1,"featured_media":1004,"comment_status":"open","ping_status":"open","sticky":false,"template":"","format":"standard","meta":{"footnotes":""},"categories":[8,92,29,23,98,2,12],"tags":[136],"class_list":["post-1003","post","type-post","status-publish","format-standard","has-post-thumbnail","hentry","category-ayacucho","category-belgrano","category-chacabuco","category-junin","category-pedernera","category-pringles","category-pueyrredon","tag-upro"],"_links":{"self":[{"href":"https:\/\/vecinosdelinterior.com\/index.php\/wp-json\/wp\/v2\/posts\/1003","targetHints":{"allow":["GET"]}}],"collection":[{"href":"https:\/\/vecinosdelinterior.com\/index.php\/wp-json\/wp\/v2\/posts"}],"about":[{"href":"https:\/\/vecinosdelinterior.com\/index.php\/wp-json\/wp\/v2\/types\/post"}],"author":[{"embeddable":true,"href":"https:\/\/vecinosdelinterior.com\/index.php\/wp-json\/wp\/v2\/users\/1"}],"replies":[{"embeddable":true,"href":"https:\/\/vecinosdelinterior.com\/index.php\/wp-json\/wp\/v2\/comments?post=1003"}],"version-history":[{"count":1,"href":"https:\/\/vecinosdelinterior.com\/index.php\/wp-json\/wp\/v2\/posts\/1003\/revisions"}],"predecessor-version":[{"id":1005,"href":"https:\/\/vecinosdelinterior.com\/index.php\/wp-json\/wp\/v2\/posts\/1003\/revisions\/1005"}],"wp:featuredmedia":[{"embeddable":true,"href":"https:\/\/vecinosdelinterior.com\/index.php\/wp-json\/wp\/v2\/media\/1004"}],"wp:attachment":[{"href":"https:\/\/vecinosdelinterior.com\/index.php\/wp-json\/wp\/v2\/media?parent=1003"}],"wp:term":[{"taxonomy":"category","embeddable":true,"href":"https:\/\/vecinosdelinterior.com\/index.php\/wp-json\/wp\/v2\/categories?post=1003"},{"taxonomy":"post_tag","embeddable":true,"href":"https:\/\/vecinosdelinterior.com\/index.php\/wp-json\/wp\/v2\/tags?post=1003"}],"curies":[{"name":"wp","href":"https:\/\/api.w.org\/{rel}","templated":true}]}}