{"id":1006,"date":"2023-11-03T12:04:04","date_gmt":"2023-11-03T15:04:04","guid":{"rendered":"https:\/\/vecinosdelinterior.com\/?p=1006"},"modified":"2023-11-03T12:04:05","modified_gmt":"2023-11-03T15:04:05","slug":"la-escuela-tecnica-n-1-elena-ossola-de-horas-de-naschel-visito-el-predio-de-sol-puntano","status":"publish","type":"post","link":"https:\/\/vecinosdelinterior.com\/index.php\/2023\/11\/03\/la-escuela-tecnica-n-1-elena-ossola-de-horas-de-naschel-visito-el-predio-de-sol-puntano\/","title":{"rendered":"La Escuela T\u00e9cnica N\u00b0 1 \u201cElena Ossola de Horas\u201d de Naschel visit\u00f3 el predio de Sol Puntano"},"content":{"rendered":"\n<p>El encuentro sirvi\u00f3 como espacio para completar la formaci\u00f3n en materia de administraci\u00f3n y gesti\u00f3n en la producci\u00f3n agropecuaria, para estudiantes que transitan el \u00faltimo a\u00f1o en la instituci\u00f3n acad\u00e9mica.<\/p>\n\n\n\n<p>Como continuidad de su pol\u00edtica de espacio abierto para la construcci\u00f3n de espacios de transmisi\u00f3n de conocimientos, Sol Puntano recibi\u00f3 nuevamente en su predio a una delegaci\u00f3n de estudiantes y docentes de nivel secundario, en esta ocasi\u00f3n provenientes de la Escuela T\u00e9cnica N\u00b0 1 \u201cElena Ossola de Horas\u201d de Naschel. Los alumnos tuvieron la oportunidad de sumar un aprendizaje valioso pensando en el cierre de su etapa de formaci\u00f3n en la instituci\u00f3n.<\/p>\n\n\n\n<p>Los estudiantes realizaron un recorrido por los diferentes cultivos hort\u00edcolas del predio, los invern\u00e1culos, observaron el \u00e1rea de los frutales, vi\u00f1edos y olivos, contando en todo momento con el acompa\u00f1amiento de un equipo de ingenieros, quienes se encargaron de mostrar y describir las diversas t\u00e9cnicas y pr\u00e1cticas que lleva adelante Sol Puntano en cada estaci\u00f3n.<\/p>\n\n\n\n<p>D\u00e9bora Mascotena, profesora de la asignatura Pr\u00e1cticas Preprofesionalizantes, explic\u00f3 que \u201clos chicos est\u00e1n involucrados en un proyecto integrador que impulsamos desde la escuela llamado \u2018Taller de Conductas Emprendedoras\u2019, que busca brindar a nuestros alumnos algunas herramientas pr\u00e1cticas para la vida y la inserci\u00f3n laboral. La visita a Sol Puntano fue muy enriquecedora en ese sentido, pudimos observar la producci\u00f3n que se hace, los chicos identificaron costos de producci\u00f3n y otras cuestiones relacionadas al manejo en la comercializaci\u00f3n que son importantes\u201d.<\/p>\n\n\n\n<p>La docente tambi\u00e9n resalt\u00f3 la importancia de la experiencia en tanto un medio de fortalecimiento de los lazos entre instituciones: \u201cPara nosotros es sumamente importante, durante estas jornadas siempre se genera un intercambio muy interesante y de mucho valor. Hoy tambi\u00e9n nos acompa\u00f1\u00f3 el director de la escuela, Mario Chaves, as\u00ed que nos vamos muy contentos realmente\u201d, destac\u00f3 Mascotena.<\/p>\n\n\n\n<figure class=\"wp-block-gallery has-nested-images columns-default is-cropped wp-block-gallery-1 is-layout-flex wp-block-gallery-is-layout-flex\">\n<figure class=\"wp-block-image size-large\"><img fetchpriority=\"high\" decoding=\"async\" width=\"1024\" height=\"683\" data-id=\"1008\" src=\"https:\/\/vecinosdelinterior.com\/wp-content\/uploads\/2023\/11\/4-2048x1365-1-1024x683.jpg\" alt=\"\" class=\"wp-image-1008\" srcset=\"https:\/\/vecinosdelinterior.com\/wp-content\/uploads\/2023\/11\/4-2048x1365-1-1024x683.jpg 1024w, https:\/\/vecinosdelinterior.com\/wp-content\/uploads\/2023\/11\/4-2048x1365-1-300x200.jpg 300w, https:\/\/vecinosdelinterior.com\/wp-content\/uploads\/2023\/11\/4-2048x1365-1-768x512.jpg 768w, https:\/\/vecinosdelinterior.com\/wp-content\/uploads\/2023\/11\/4-2048x1365-1-1536x1024.jpg 1536w, https:\/\/vecinosdelinterior.com\/wp-content\/uploads\/2023\/11\/4-2048x1365-1-750x500.jpg 750w, https:\/\/vecinosdelinterior.com\/wp-content\/uploads\/2023\/11\/4-2048x1365-1-1140x760.jpg 1140w, https:\/\/vecinosdelinterior.com\/wp-content\/uploads\/2023\/11\/4-2048x1365-1.jpg 2048w\" sizes=\"(max-width: 1024px) 100vw, 1024px\" \/><\/figure>\n\n\n\n<figure class=\"wp-block-image size-large\"><img decoding=\"async\" width=\"768\" height=\"512\" data-id=\"1007\" src=\"https:\/\/vecinosdelinterior.com\/wp-content\/uploads\/2023\/11\/2-768x512-1.jpg\" alt=\"\" class=\"wp-image-1007\" srcset=\"https:\/\/vecinosdelinterior.com\/wp-content\/uploads\/2023\/11\/2-768x512-1.jpg 768w, https:\/\/vecinosdelinterior.com\/wp-content\/uploads\/2023\/11\/2-768x512-1-300x200.jpg 300w, https:\/\/vecinosdelinterior.com\/wp-content\/uploads\/2023\/11\/2-768x512-1-750x500.jpg 750w\" sizes=\"(max-width: 768px) 100vw, 768px\" \/><\/figure>\n<\/figure>\n","protected":false},"excerpt":{"rendered":"<p>El encuentro sirvi\u00f3 como espacio para completar la formaci\u00f3n en materia de administraci\u00f3n y gesti\u00f3n en la producci\u00f3n agropecuaria, para estudiantes que transitan el \u00faltimo a\u00f1o en la instituci\u00f3n acad\u00e9mica. Como continuidad de su pol\u00edtica de espacio abierto para la construcci\u00f3n de espacios de transmisi\u00f3n de conocimientos, Sol Puntano recibi\u00f3 nuevamente en su predio a [&hellip;]<\/p>\n","protected":false},"author":1,"featured_media":1007,"comment_status":"open","ping_status":"open","sticky":false,"template":"","format":"standard","meta":{"footnotes":""},"categories":[29,91],"tags":[291,274],"class_list":["post-1006","post","type-post","status-publish","format-standard","has-post-thumbnail","hentry","category-chacabuco","category-naschel","tag-escuela-tecnica-n-1-elena-ossola-de-horas","tag-sol-puntano"],"_links":{"self":[{"href":"https:\/\/vecinosdelinterior.com\/index.php\/wp-json\/wp\/v2\/posts\/1006","targetHints":{"allow":["GET"]}}],"collection":[{"href":"https:\/\/vecinosdelinterior.com\/index.php\/wp-json\/wp\/v2\/posts"}],"about":[{"href":"https:\/\/vecinosdelinterior.com\/index.php\/wp-json\/wp\/v2\/types\/post"}],"author":[{"embeddable":true,"href":"https:\/\/vecinosdelinterior.com\/index.php\/wp-json\/wp\/v2\/users\/1"}],"replies":[{"embeddable":true,"href":"https:\/\/vecinosdelinterior.com\/index.php\/wp-json\/wp\/v2\/comments?post=1006"}],"version-history":[{"count":1,"href":"https:\/\/vecinosdelinterior.com\/index.php\/wp-json\/wp\/v2\/posts\/1006\/revisions"}],"predecessor-version":[{"id":1009,"href":"https:\/\/vecinosdelinterior.com\/index.php\/wp-json\/wp\/v2\/posts\/1006\/revisions\/1009"}],"wp:featuredmedia":[{"embeddable":true,"href":"https:\/\/vecinosdelinterior.com\/index.php\/wp-json\/wp\/v2\/media\/1007"}],"wp:attachment":[{"href":"https:\/\/vecinosdelinterior.com\/index.php\/wp-json\/wp\/v2\/media?parent=1006"}],"wp:term":[{"taxonomy":"category","embeddable":true,"href":"https:\/\/vecinosdelinterior.com\/index.php\/wp-json\/wp\/v2\/categories?post=1006"},{"taxonomy":"post_tag","embeddable":true,"href":"https:\/\/vecinosdelinterior.com\/index.php\/wp-json\/wp\/v2\/tags?post=1006"}],"curies":[{"name":"wp","href":"https:\/\/api.w.org\/{rel}","templated":true}]}}