{"id":1022,"date":"2023-11-10T09:17:49","date_gmt":"2023-11-10T12:17:49","guid":{"rendered":"https:\/\/vecinosdelinterior.com\/?p=1022"},"modified":"2023-11-10T09:17:49","modified_gmt":"2023-11-10T12:17:49","slug":"la-calera-inauguro-su-cancha-de-cesped-sintetico","status":"publish","type":"post","link":"https:\/\/vecinosdelinterior.com\/index.php\/2023\/11\/10\/la-calera-inauguro-su-cancha-de-cesped-sintetico\/","title":{"rendered":"La Calera inaugur\u00f3 su cancha de c\u00e9sped sint\u00e9tico"},"content":{"rendered":"\n<p>El joven club del departamento Belgrano celebr\u00f3 este mi\u00e9rcoles un d\u00eda hist\u00f3rico con el estreno de su nueva cancha. En el olvido quedar\u00e1n las piedras y las cr\u00edticas que recib\u00eda el club, para dar paso a una nueva etapa en la que sus m\u00e1s de 130 chicos y chicas podr\u00e1n disfrutar de una nueva manera de jugar al f\u00fatbol. En las pr\u00f3ximas semanas continuar\u00e1 la inauguraci\u00f3n de obras en clubes de toda la provincia.<\/p>\n\n\n\n<p>El Gobierno de San Luis, a trav\u00e9s de la Secretar\u00eda de Deportes, contin\u00faa mejorando la infraestructura deportiva de la provincia. En esta oportunidad el que celebr\u00f3 fue el F\u00fatbol Club La Calera. Anteriormente fue el turno de Pringles de Santa Rosa, CAI San Luis, Hurac\u00e1n, El Chorrillo, Aviador Origone, Defensores de Potrero y Pringles de Villa Mercedes, que tambi\u00e9n disfrutan de su nueva cancha de c\u00e9sped sint\u00e9tico.<\/p>\n\n\n\n<figure class=\"wp-block-gallery has-nested-images columns-default is-cropped wp-block-gallery-1 is-layout-flex wp-block-gallery-is-layout-flex\">\n<figure class=\"wp-block-image size-large\"><img fetchpriority=\"high\" decoding=\"async\" width=\"1024\" height=\"683\" data-id=\"1023\" src=\"https:\/\/vecinosdelinterior.com\/wp-content\/uploads\/2023\/11\/PHOTO-2023-11-09-10-48-41-2.jpg\" alt=\"\" class=\"wp-image-1023\" srcset=\"https:\/\/vecinosdelinterior.com\/wp-content\/uploads\/2023\/11\/PHOTO-2023-11-09-10-48-41-2.jpg 1024w, https:\/\/vecinosdelinterior.com\/wp-content\/uploads\/2023\/11\/PHOTO-2023-11-09-10-48-41-2-300x200.jpg 300w, https:\/\/vecinosdelinterior.com\/wp-content\/uploads\/2023\/11\/PHOTO-2023-11-09-10-48-41-2-768x512.jpg 768w, https:\/\/vecinosdelinterior.com\/wp-content\/uploads\/2023\/11\/PHOTO-2023-11-09-10-48-41-2-750x500.jpg 750w\" sizes=\"(max-width: 1024px) 100vw, 1024px\" \/><\/figure>\n\n\n\n<figure class=\"wp-block-image size-large\"><img decoding=\"async\" width=\"1024\" height=\"683\" data-id=\"1025\" src=\"https:\/\/vecinosdelinterior.com\/wp-content\/uploads\/2023\/11\/PHOTO-2023-11-09-10-48-41-4.jpg\" alt=\"\" class=\"wp-image-1025\" srcset=\"https:\/\/vecinosdelinterior.com\/wp-content\/uploads\/2023\/11\/PHOTO-2023-11-09-10-48-41-4.jpg 1024w, https:\/\/vecinosdelinterior.com\/wp-content\/uploads\/2023\/11\/PHOTO-2023-11-09-10-48-41-4-300x200.jpg 300w, https:\/\/vecinosdelinterior.com\/wp-content\/uploads\/2023\/11\/PHOTO-2023-11-09-10-48-41-4-768x512.jpg 768w, https:\/\/vecinosdelinterior.com\/wp-content\/uploads\/2023\/11\/PHOTO-2023-11-09-10-48-41-4-750x500.jpg 750w\" sizes=\"(max-width: 1024px) 100vw, 1024px\" \/><\/figure>\n\n\n\n<figure class=\"wp-block-image size-large\"><img decoding=\"async\" width=\"1024\" height=\"683\" data-id=\"1026\" src=\"https:\/\/vecinosdelinterior.com\/wp-content\/uploads\/2023\/11\/PHOTO-2023-11-09-10-48-41-1.jpg\" alt=\"\" class=\"wp-image-1026\" srcset=\"https:\/\/vecinosdelinterior.com\/wp-content\/uploads\/2023\/11\/PHOTO-2023-11-09-10-48-41-1.jpg 1024w, https:\/\/vecinosdelinterior.com\/wp-content\/uploads\/2023\/11\/PHOTO-2023-11-09-10-48-41-1-300x200.jpg 300w, https:\/\/vecinosdelinterior.com\/wp-content\/uploads\/2023\/11\/PHOTO-2023-11-09-10-48-41-1-768x512.jpg 768w, https:\/\/vecinosdelinterior.com\/wp-content\/uploads\/2023\/11\/PHOTO-2023-11-09-10-48-41-1-750x500.jpg 750w\" sizes=\"(max-width: 1024px) 100vw, 1024px\" \/><\/figure>\n\n\n\n<figure class=\"wp-block-image size-large\"><img loading=\"lazy\" decoding=\"async\" width=\"1024\" height=\"683\" data-id=\"1024\" src=\"https:\/\/vecinosdelinterior.com\/wp-content\/uploads\/2023\/11\/PHOTO-2023-11-09-10-48-41.jpg\" alt=\"\" class=\"wp-image-1024\" srcset=\"https:\/\/vecinosdelinterior.com\/wp-content\/uploads\/2023\/11\/PHOTO-2023-11-09-10-48-41.jpg 1024w, https:\/\/vecinosdelinterior.com\/wp-content\/uploads\/2023\/11\/PHOTO-2023-11-09-10-48-41-300x200.jpg 300w, https:\/\/vecinosdelinterior.com\/wp-content\/uploads\/2023\/11\/PHOTO-2023-11-09-10-48-41-768x512.jpg 768w, https:\/\/vecinosdelinterior.com\/wp-content\/uploads\/2023\/11\/PHOTO-2023-11-09-10-48-41-750x500.jpg 750w\" sizes=\"(max-width: 1024px) 100vw, 1024px\" \/><\/figure>\n<\/figure>\n\n\n\n<p>La secretaria de Deportes, Cintia Ram\u00edrez, junto a legisladores del departamento Belgrano y el intendente anfitri\u00f3n, Diego Lorenzetti, encabezaron el acto inaugural junto a vecinos, jugadores y jugadoras de La Calera. El gobernador, Alberto Rodr\u00edguez Sa\u00e1, estuvo presente a trav\u00e9s de un video en el que salud\u00f3 a los deportistas del club y reconoci\u00f3 el trabajo de sus dirigentes.<\/p>\n\n\n\n<p>\u201cEstas obras son la prueba de un Estado presente, que apoya al deporte y el desarrollo de los deportistas. El intendente insisti\u00f3 por esta cancha porque en este lugar cuesta que crezca el c\u00e9sped natural, por eso entendemos que el c\u00e9sped sint\u00e9tico era la mejor soluci\u00f3n para mejorar las condiciones del club\u201d, dijo la titular de Deportes, luego de enumerar las inauguraciones realizadas en los \u00faltimos meses.<\/p>\n\n\n\n<p>El intendente de La Calera, por su parte, agradeci\u00f3 al Gobierno provincial por esta trascendental obra: \u201cTodav\u00eda no lo puedo creer, reci\u00e9n en unas semanas voy a caer. Esto es muy importante para nosotros porque siempre nos criticaban por nuestra cancha. Que el Gobierno nos escuche siendo un pueblo tan peque\u00f1o no es algo para olvidar. En este pueblo tenemos memoria y siempre nos vamos a acordar que nos escucharon y cumplieron este sue\u00f1o\u201d.<\/p>\n\n\n\n<p>Luego del corte de cintas, los equipos masculinos y femeninos del club disputaron partidos amistosos para dejar formalmente inaugurada la cancha.<\/p>\n\n\n\n<p>En las pr\u00f3ximas semanas continuar\u00e1n la inauguraci\u00f3n de canchas en distintos puntos de la provincia, principalmente en Villa Mercedes a trav\u00e9s del Plan Integral de Obras para clubes de f\u00fatbol que llevan adelante la Secretar\u00eda de Deportes y la UPrO.<\/p>\n","protected":false},"excerpt":{"rendered":"<p>El joven club del departamento Belgrano celebr\u00f3 este mi\u00e9rcoles un d\u00eda hist\u00f3rico con el estreno de su nueva cancha. En el olvido quedar\u00e1n las piedras y las cr\u00edticas que recib\u00eda el club, para dar paso a una nueva etapa en la que sus m\u00e1s de 130 chicos y chicas podr\u00e1n disfrutar de una nueva manera [&hellip;]<\/p>\n","protected":false},"author":1,"featured_media":1024,"comment_status":"open","ping_status":"open","sticky":false,"template":"","format":"standard","meta":{"footnotes":""},"categories":[294],"tags":[295,296],"class_list":["post-1022","post","type-post","status-publish","format-standard","has-post-thumbnail","hentry","category-la-calera","tag-cancha-de-cesped-sintetico","tag-la-calera"],"_links":{"self":[{"href":"https:\/\/vecinosdelinterior.com\/index.php\/wp-json\/wp\/v2\/posts\/1022","targetHints":{"allow":["GET"]}}],"collection":[{"href":"https:\/\/vecinosdelinterior.com\/index.php\/wp-json\/wp\/v2\/posts"}],"about":[{"href":"https:\/\/vecinosdelinterior.com\/index.php\/wp-json\/wp\/v2\/types\/post"}],"author":[{"embeddable":true,"href":"https:\/\/vecinosdelinterior.com\/index.php\/wp-json\/wp\/v2\/users\/1"}],"replies":[{"embeddable":true,"href":"https:\/\/vecinosdelinterior.com\/index.php\/wp-json\/wp\/v2\/comments?post=1022"}],"version-history":[{"count":1,"href":"https:\/\/vecinosdelinterior.com\/index.php\/wp-json\/wp\/v2\/posts\/1022\/revisions"}],"predecessor-version":[{"id":1027,"href":"https:\/\/vecinosdelinterior.com\/index.php\/wp-json\/wp\/v2\/posts\/1022\/revisions\/1027"}],"wp:featuredmedia":[{"embeddable":true,"href":"https:\/\/vecinosdelinterior.com\/index.php\/wp-json\/wp\/v2\/media\/1024"}],"wp:attachment":[{"href":"https:\/\/vecinosdelinterior.com\/index.php\/wp-json\/wp\/v2\/media?parent=1022"}],"wp:term":[{"taxonomy":"category","embeddable":true,"href":"https:\/\/vecinosdelinterior.com\/index.php\/wp-json\/wp\/v2\/categories?post=1022"},{"taxonomy":"post_tag","embeddable":true,"href":"https:\/\/vecinosdelinterior.com\/index.php\/wp-json\/wp\/v2\/tags?post=1022"}],"curies":[{"name":"wp","href":"https:\/\/api.w.org\/{rel}","templated":true}]}}