{"id":1031,"date":"2023-11-14T15:22:00","date_gmt":"2023-11-14T18:22:00","guid":{"rendered":"https:\/\/vecinosdelinterior.com\/?p=1031"},"modified":"2023-11-14T15:22:01","modified_gmt":"2023-11-14T18:22:01","slug":"femicidio-en-quines-piden-perpetua-para-el-acusado-de-asesinar-a-su-expareja","status":"publish","type":"post","link":"https:\/\/vecinosdelinterior.com\/index.php\/2023\/11\/14\/femicidio-en-quines-piden-perpetua-para-el-acusado-de-asesinar-a-su-expareja\/","title":{"rendered":"Femicidio en Quines: piden perpetua para el acusado de asesinar a su expareja"},"content":{"rendered":"\n<p><br>Gustavo Daniel Ag\u00fcero, de 40 a\u00f1os, comenz\u00f3 a ser juzgado este lunes por el homicidio de Dora Arce, su ex pareja y madre de sus dos hijos. Los alegatos se presentar\u00e1n este martes y luego se conocer\u00e1 la sentencia.<\/p>\n\n\n\n<p>El hecho ocurri\u00f3 durante la madrugada del 13 de febrero de 2022, en la localidad de Quines. La v\u00edctima recibi\u00f3 un ataque a la altura del t\u00f3rax con cuchillo tipo carnicero de 37 cent\u00edmetros y falleci\u00f3 por la p\u00e9rdida grave de sangre, es decir, por un shock hipovol\u00e9mico.<\/p>\n\n\n\n<figure class=\"wp-block-image size-full\"><img fetchpriority=\"high\" decoding=\"async\" width=\"600\" height=\"398\" src=\"https:\/\/vecinosdelinterior.com\/wp-content\/uploads\/2023\/11\/acusa.jpg\" alt=\"\" class=\"wp-image-1032\" srcset=\"https:\/\/vecinosdelinterior.com\/wp-content\/uploads\/2023\/11\/acusa.jpg 600w, https:\/\/vecinosdelinterior.com\/wp-content\/uploads\/2023\/11\/acusa-300x199.jpg 300w\" sizes=\"(max-width: 600px) 100vw, 600px\" \/><\/figure>\n\n\n\n<p>Al acusado se le imputa el delito de \u201chomicidio calificado por el v\u00ednculo y por mediar violencia de g\u00e9nero\u201d y enfrenta un pedido de pena de prisi\u00f3n perpetua.<\/p>\n\n\n\n<p>El debate est\u00e1 a cargo del Colegio de Jueces de la ciudad de San Luis, con un tribunal integrado por Jos\u00e9 Luis Flores, Guillermo Sa\u00e1 Petrino y Fernando Julio de Viana. La causa tiene 28 testigos.<\/p>\n\n\n\n<p>Como Fiscal de Juicio act\u00faa Virginia Palacios, quien mantuvo la calificaci\u00f3n que realiz\u00f3 el fiscal de Instrucci\u00f3n N\u00b0 3, Esteban Roche. Al momento de dar su teor\u00eda del caso, Palacios dijo que lo hac\u00eda bajo el lema \u201cla mat\u00f3 vali\u00e9ndose de la relaci\u00f3n asim\u00e9trica preexistente y su sola condici\u00f3n de mujer\u201d.<\/p>\n\n\n\n<p>\u201cEste Ministerio P\u00fablico Fiscal tiene por probado que el domingo 13 de febrero de 2022, aproximadamente entre las 5:30 y las 6:30 horas, Ag\u00fcero se hizo presente en el domicilio de su ex pareja, Dora Arce, ubicado sobre Maestro Almeyda entre Sarmiento y 25 de Mayo de la localidad de Quines. La v\u00edctima dej\u00f3 pasar a Ag\u00fcero y se encerraron con llave en la habitaci\u00f3n de la vivienda en la cual dorm\u00edan juntos cuando eran pareja, mientras sus dos hijos menores de edad, permanec\u00edan en otras dependencias de la casa\u201d, narr\u00f3 Palacios.<\/p>\n\n\n\n<p>Y agreg\u00f3: \u201cLuego de que Ag\u00fcero comenzara a recriminarle cuestiones vinculadas estrictamente a su relaci\u00f3n de pareja, como ser el querer volver con ella, habi\u00e9ndole manifestado, en horas anteriores, \u00b4sino sos m\u00eda no sos de nadie\u00b4; la atac\u00f3 con un cuchillo tipo carnicero de 37 cent\u00edmetros de largo, d\u00e1ndole una apu\u00f1alada en la zona del t\u00f3rax, lo que le provoc\u00f3 la muerte a su ex pareja, por un Shock Hipovol\u00e9mico\u201d.<\/p>\n\n\n\n<p>De acuerdo a la investigaci\u00f3n, luego del ataque el imputado se autolesion\u00f3, provoc\u00e1ndose heridas con el cuchillo en la zona del pecho y brazos.<\/p>\n\n\n\n<p>Los abogados defensores de Ag\u00fcero, Guillermo S\u00e1nchez Pagano y Andr\u00e9s Fern\u00e1ndez, dijeron que el hecho como la participaci\u00f3n de su defendido est\u00e1n probados, sin embargo, cuestionaron la acusaci\u00f3n de la Fiscal\u00eda.<\/p>\n\n\n\n<p>\u201cLa fiscal\u00eda no ha podido probar que existi\u00f3 violencia de g\u00e9nero, no hay denuncias previas. Adem\u00e1s, se encuentra incorporada como prueba al expediente, una pericia psicol\u00f3gica que la fiscal\u00eda no cuestion\u00f3 en ning\u00fan momento, que es fundamental y que de esa pericial surge que de la discusi\u00f3n que ocurri\u00f3 en esa habitaci\u00f3n estar\u00eda muy cercana a lo que podr\u00eda ser una emoci\u00f3n violenta por parte de nuestro defendido\u201d, afirmaron.<\/p>\n","protected":false},"excerpt":{"rendered":"<p>Gustavo Daniel Ag\u00fcero, de 40 a\u00f1os, comenz\u00f3 a ser juzgado este lunes por el homicidio de Dora Arce, su ex pareja y madre de sus dos hijos. Los alegatos se presentar\u00e1n este martes y luego se conocer\u00e1 la sentencia. El hecho ocurri\u00f3 durante la madrugada del 13 de febrero de 2022, en la localidad de [&hellip;]<\/p>\n","protected":false},"author":1,"featured_media":1032,"comment_status":"open","ping_status":"open","sticky":false,"template":"","format":"standard","meta":{"footnotes":""},"categories":[8,54],"tags":[299,101],"class_list":["post-1031","post","type-post","status-publish","format-standard","has-post-thumbnail","hentry","category-ayacucho","category-quines-ayacucho","tag-femicidio","tag-quines"],"_links":{"self":[{"href":"https:\/\/vecinosdelinterior.com\/index.php\/wp-json\/wp\/v2\/posts\/1031","targetHints":{"allow":["GET"]}}],"collection":[{"href":"https:\/\/vecinosdelinterior.com\/index.php\/wp-json\/wp\/v2\/posts"}],"about":[{"href":"https:\/\/vecinosdelinterior.com\/index.php\/wp-json\/wp\/v2\/types\/post"}],"author":[{"embeddable":true,"href":"https:\/\/vecinosdelinterior.com\/index.php\/wp-json\/wp\/v2\/users\/1"}],"replies":[{"embeddable":true,"href":"https:\/\/vecinosdelinterior.com\/index.php\/wp-json\/wp\/v2\/comments?post=1031"}],"version-history":[{"count":1,"href":"https:\/\/vecinosdelinterior.com\/index.php\/wp-json\/wp\/v2\/posts\/1031\/revisions"}],"predecessor-version":[{"id":1033,"href":"https:\/\/vecinosdelinterior.com\/index.php\/wp-json\/wp\/v2\/posts\/1031\/revisions\/1033"}],"wp:featuredmedia":[{"embeddable":true,"href":"https:\/\/vecinosdelinterior.com\/index.php\/wp-json\/wp\/v2\/media\/1032"}],"wp:attachment":[{"href":"https:\/\/vecinosdelinterior.com\/index.php\/wp-json\/wp\/v2\/media?parent=1031"}],"wp:term":[{"taxonomy":"category","embeddable":true,"href":"https:\/\/vecinosdelinterior.com\/index.php\/wp-json\/wp\/v2\/categories?post=1031"},{"taxonomy":"post_tag","embeddable":true,"href":"https:\/\/vecinosdelinterior.com\/index.php\/wp-json\/wp\/v2\/tags?post=1031"}],"curies":[{"name":"wp","href":"https:\/\/api.w.org\/{rel}","templated":true}]}}