{"id":1043,"date":"2023-11-17T08:50:38","date_gmt":"2023-11-17T11:50:38","guid":{"rendered":"https:\/\/vecinosdelinterior.com\/?p=1043"},"modified":"2023-11-17T08:51:13","modified_gmt":"2023-11-17T11:51:13","slug":"san-luis-estancia-grande-bomberos-sofocaron-dos-incendios","status":"publish","type":"post","link":"https:\/\/vecinosdelinterior.com\/index.php\/2023\/11\/17\/san-luis-estancia-grande-bomberos-sofocaron-dos-incendios\/","title":{"rendered":"San Luis \u2013 Estancia Grande: Bomberos sofocaron dos incendios"},"content":{"rendered":"\n<p><\/p>\n\n\n\n<p>Los siniestros ocurrieron en horas de la madrugada, de este jueves 16 de noviembre.<\/p>\n\n\n\n<p>Concurrieron a los mismos, personal de la Direcci\u00f3n General de Bomberos.<\/p>\n\n\n\n<p>Uno de los focos \u00edgneos se gener\u00f3 en un veh\u00edculo Fiat Palio, estacionado en calle 9 de Julio entre Chacabuco y Mitre.<\/p>\n\n\n\n<p>El incendio, por razones que se tratan de establecer, fue controlado y extinguido por los efectivos del Cuartel Central, quienes manifestaron que el rodado sufri\u00f3 da\u00f1os totales.<\/p>\n\n\n\n<p>Otro fue un incendio forestal. Tuvo lugar en el filo del cerro ubicado en El Reparito, Estancia Grande.<\/p>\n\n\n\n<p>Fue extinguido por bomberos del Cuartel 4 y de Cuartel 2, contando con la colaboraci\u00f3n de Bomberos Voluntarios de Estancia Grande, Potrero de Los Funes, El Volc\u00e1n y San Luis Solidario.<\/p>\n\n\n\n<p>Los actuantes trabajaron con bombas de espaldas, chicotes, realizando ataque directo.<\/p>\n\n\n\n<p>Finalizada las tareas de sofocaci\u00f3n se mont\u00f3 una guardia de cenizas.<\/p>\n\n\n\n<figure class=\"wp-block-image size-large\"><img fetchpriority=\"high\" decoding=\"async\" width=\"1024\" height=\"1024\" src=\"https:\/\/vecinosdelinterior.com\/wp-content\/uploads\/2023\/11\/WhatsApp-Image-2023-11-16-at-12.57.48-1024x1024.jpeg\" alt=\"\" class=\"wp-image-1044\" srcset=\"https:\/\/vecinosdelinterior.com\/wp-content\/uploads\/2023\/11\/WhatsApp-Image-2023-11-16-at-12.57.48-1024x1024.jpeg 1024w, https:\/\/vecinosdelinterior.com\/wp-content\/uploads\/2023\/11\/WhatsApp-Image-2023-11-16-at-12.57.48-300x300.jpeg 300w, https:\/\/vecinosdelinterior.com\/wp-content\/uploads\/2023\/11\/WhatsApp-Image-2023-11-16-at-12.57.48-150x150.jpeg 150w, https:\/\/vecinosdelinterior.com\/wp-content\/uploads\/2023\/11\/WhatsApp-Image-2023-11-16-at-12.57.48-768x768.jpeg 768w, https:\/\/vecinosdelinterior.com\/wp-content\/uploads\/2023\/11\/WhatsApp-Image-2023-11-16-at-12.57.48-75x75.jpeg 75w, https:\/\/vecinosdelinterior.com\/wp-content\/uploads\/2023\/11\/WhatsApp-Image-2023-11-16-at-12.57.48-750x750.jpeg 750w, https:\/\/vecinosdelinterior.com\/wp-content\/uploads\/2023\/11\/WhatsApp-Image-2023-11-16-at-12.57.48-1140x1140.jpeg 1140w, https:\/\/vecinosdelinterior.com\/wp-content\/uploads\/2023\/11\/WhatsApp-Image-2023-11-16-at-12.57.48.jpeg 1280w\" sizes=\"(max-width: 1024px) 100vw, 1024px\" \/><\/figure>\n","protected":false},"excerpt":{"rendered":"<p>Los siniestros ocurrieron en horas de la madrugada, de este jueves 16 de noviembre. Concurrieron a los mismos, personal de la Direcci\u00f3n General de Bomberos. Uno de los focos \u00edgneos se gener\u00f3 en un veh\u00edculo Fiat Palio, estacionado en calle 9 de Julio entre Chacabuco y Mitre. El incendio, por razones que se tratan de [&hellip;]<\/p>\n","protected":false},"author":1,"featured_media":1044,"comment_status":"open","ping_status":"open","sticky":false,"template":"","format":"standard","meta":{"footnotes":""},"categories":[226,2],"tags":[228,77],"class_list":["post-1043","post","type-post","status-publish","format-standard","has-post-thumbnail","hentry","category-estancia-grande","category-pringles","tag-estancia-grande","tag-incendio"],"_links":{"self":[{"href":"https:\/\/vecinosdelinterior.com\/index.php\/wp-json\/wp\/v2\/posts\/1043","targetHints":{"allow":["GET"]}}],"collection":[{"href":"https:\/\/vecinosdelinterior.com\/index.php\/wp-json\/wp\/v2\/posts"}],"about":[{"href":"https:\/\/vecinosdelinterior.com\/index.php\/wp-json\/wp\/v2\/types\/post"}],"author":[{"embeddable":true,"href":"https:\/\/vecinosdelinterior.com\/index.php\/wp-json\/wp\/v2\/users\/1"}],"replies":[{"embeddable":true,"href":"https:\/\/vecinosdelinterior.com\/index.php\/wp-json\/wp\/v2\/comments?post=1043"}],"version-history":[{"count":2,"href":"https:\/\/vecinosdelinterior.com\/index.php\/wp-json\/wp\/v2\/posts\/1043\/revisions"}],"predecessor-version":[{"id":1046,"href":"https:\/\/vecinosdelinterior.com\/index.php\/wp-json\/wp\/v2\/posts\/1043\/revisions\/1046"}],"wp:featuredmedia":[{"embeddable":true,"href":"https:\/\/vecinosdelinterior.com\/index.php\/wp-json\/wp\/v2\/media\/1044"}],"wp:attachment":[{"href":"https:\/\/vecinosdelinterior.com\/index.php\/wp-json\/wp\/v2\/media?parent=1043"}],"wp:term":[{"taxonomy":"category","embeddable":true,"href":"https:\/\/vecinosdelinterior.com\/index.php\/wp-json\/wp\/v2\/categories?post=1043"},{"taxonomy":"post_tag","embeddable":true,"href":"https:\/\/vecinosdelinterior.com\/index.php\/wp-json\/wp\/v2\/tags?post=1043"}],"curies":[{"name":"wp","href":"https:\/\/api.w.org\/{rel}","templated":true}]}}