{"id":1055,"date":"2023-11-23T16:28:30","date_gmt":"2023-11-23T19:28:30","guid":{"rendered":"https:\/\/vecinosdelinterior.com\/?p=1055"},"modified":"2023-11-23T16:28:32","modified_gmt":"2023-11-23T19:28:32","slug":"upro-quines-ya-tiene-sus-primeros-egresados","status":"publish","type":"post","link":"https:\/\/vecinosdelinterior.com\/index.php\/2023\/11\/23\/upro-quines-ya-tiene-sus-primeros-egresados\/","title":{"rendered":"UPrO: Quines ya tiene sus primeros egresados"},"content":{"rendered":"\n<p>En el sal\u00f3n de actos ubicado en el primer piso del edificio de la Universidad Provincial de Oficios \u201cEva Per\u00f3n\u201d de Quines, 26 egresados de Asistente de Electricista y Profesional en Imagen Personal recibieron sus diplomas ante la presencia de familiares y amigos.<\/p>\n\n\n\n<p>Francisco Riartez es el coordinador de la extensi\u00f3n y expres\u00f3 sus emociones: \u201cEsto es un momento muy importante y muy caro para los sentimientos de la localidad. Estoy en la instituci\u00f3n desde su creaci\u00f3n misma, desde el momento que la Municipalidad de Quines se hizo cargo de la obra, por lo tanto hay una identidad ya generada entre la universidad y los habitantes\u201d.<\/p>\n\n\n\n<p>El evento cont\u00f3 con la presencia de la intendente electa de la localidad de Quines Antonella Mac\u00edas, la diputada provincial Anal\u00eda Ag\u00fcero, autoridades municipales, ediles y representantes de fuerzas vivas.<\/p>\n\n\n\n<p>Adem\u00e1s de su diploma, los alumnos de Imagen Personal recibieron sus kits para poder empezar a trabajar en forma inmediata.<\/p>\n\n\n\n<p>Este jueves, la localidad de San Martin ser\u00e1 el epicentro de un nuevo acto de colaci\u00f3n, mientras que el viernes ser\u00e1 el turno de La Calera.<\/p>\n\n\n\n<figure class=\"wp-block-image size-full\"><img fetchpriority=\"high\" decoding=\"async\" width=\"750\" height=\"499\" src=\"https:\/\/vecinosdelinterior.com\/wp-content\/uploads\/2023\/11\/colacion-quines6.jpg\" alt=\"\" class=\"wp-image-1056\" srcset=\"https:\/\/vecinosdelinterior.com\/wp-content\/uploads\/2023\/11\/colacion-quines6.jpg 750w, https:\/\/vecinosdelinterior.com\/wp-content\/uploads\/2023\/11\/colacion-quines6-300x200.jpg 300w\" sizes=\"(max-width: 750px) 100vw, 750px\" \/><\/figure>\n","protected":false},"excerpt":{"rendered":"<p>En el sal\u00f3n de actos ubicado en el primer piso del edificio de la Universidad Provincial de Oficios \u201cEva Per\u00f3n\u201d de Quines, 26 egresados de Asistente de Electricista y Profesional en Imagen Personal recibieron sus diplomas ante la presencia de familiares y amigos. Francisco Riartez es el coordinador de la extensi\u00f3n y expres\u00f3 sus emociones: [&hellip;]<\/p>\n","protected":false},"author":1,"featured_media":1056,"comment_status":"open","ping_status":"open","sticky":false,"template":"","format":"standard","meta":{"footnotes":""},"categories":[8,54],"tags":[136],"class_list":["post-1055","post","type-post","status-publish","format-standard","has-post-thumbnail","hentry","category-ayacucho","category-quines-ayacucho","tag-upro"],"_links":{"self":[{"href":"https:\/\/vecinosdelinterior.com\/index.php\/wp-json\/wp\/v2\/posts\/1055","targetHints":{"allow":["GET"]}}],"collection":[{"href":"https:\/\/vecinosdelinterior.com\/index.php\/wp-json\/wp\/v2\/posts"}],"about":[{"href":"https:\/\/vecinosdelinterior.com\/index.php\/wp-json\/wp\/v2\/types\/post"}],"author":[{"embeddable":true,"href":"https:\/\/vecinosdelinterior.com\/index.php\/wp-json\/wp\/v2\/users\/1"}],"replies":[{"embeddable":true,"href":"https:\/\/vecinosdelinterior.com\/index.php\/wp-json\/wp\/v2\/comments?post=1055"}],"version-history":[{"count":1,"href":"https:\/\/vecinosdelinterior.com\/index.php\/wp-json\/wp\/v2\/posts\/1055\/revisions"}],"predecessor-version":[{"id":1057,"href":"https:\/\/vecinosdelinterior.com\/index.php\/wp-json\/wp\/v2\/posts\/1055\/revisions\/1057"}],"wp:featuredmedia":[{"embeddable":true,"href":"https:\/\/vecinosdelinterior.com\/index.php\/wp-json\/wp\/v2\/media\/1056"}],"wp:attachment":[{"href":"https:\/\/vecinosdelinterior.com\/index.php\/wp-json\/wp\/v2\/media?parent=1055"}],"wp:term":[{"taxonomy":"category","embeddable":true,"href":"https:\/\/vecinosdelinterior.com\/index.php\/wp-json\/wp\/v2\/categories?post=1055"},{"taxonomy":"post_tag","embeddable":true,"href":"https:\/\/vecinosdelinterior.com\/index.php\/wp-json\/wp\/v2\/tags?post=1055"}],"curies":[{"name":"wp","href":"https:\/\/api.w.org\/{rel}","templated":true}]}}