{"id":1064,"date":"2023-11-25T12:58:44","date_gmt":"2023-11-25T15:58:44","guid":{"rendered":"https:\/\/vecinosdelinterior.com\/?p=1064"},"modified":"2023-11-25T12:58:44","modified_gmt":"2023-11-25T15:58:44","slug":"los-condores-ynaca-y-hiernen-fueron-liberados-en-las-sierras-de-los-comechingones","status":"publish","type":"post","link":"https:\/\/vecinosdelinterior.com\/index.php\/2023\/11\/25\/los-condores-ynaca-y-hiernen-fueron-liberados-en-las-sierras-de-los-comechingones\/","title":{"rendered":"Los c\u00f3ndores \u201cY\u00f1aca\u201d y \u201cHiernen\u201d fueron liberados en las Sierras de los Comechingones"},"content":{"rendered":"\n<p>En lengua huarpe, \u201cY\u00f1aca\u201d significa \u201cdoncella\u201d y \u201cHiernen\u201d, \u201cfuerza\u201d. Ambos hab\u00edan sido rescatados y recuperados en la Reserva de La Florida. Volvieron a volar frente a la mirada atenta de turistas y vecinos de la zona. Llevan trasmisores satelitales para poder ser monitoreados.<\/p>\n\n\n\n<p>Este viernes, en una jornada hist\u00f3rica para San Luis, se liberaron dos ejemplares de c\u00f3ndor andino en las Sierras de los Comechingones. El lugar elegido fue la zona denominada \u201cLa Cresta\u201d, a 6 km del filo serrano, ya que por sus caracter\u00edsticas naturales es un sitio ideal para que las aves vuelvan a volar.<\/p>\n\n\n\n<figure class=\"wp-block-gallery has-nested-images columns-default is-cropped wp-block-gallery-1 is-layout-flex wp-block-gallery-is-layout-flex\">\n<figure class=\"wp-block-image size-large\"><img fetchpriority=\"high\" decoding=\"async\" width=\"1024\" height=\"768\" data-id=\"1065\" src=\"https:\/\/vecinosdelinterior.com\/wp-content\/uploads\/2023\/11\/WhatsApp-Image-2023-11-24-at-14.26.49-1-1024x768.jpeg\" alt=\"\" class=\"wp-image-1065\" srcset=\"https:\/\/vecinosdelinterior.com\/wp-content\/uploads\/2023\/11\/WhatsApp-Image-2023-11-24-at-14.26.49-1-1024x768.jpeg 1024w, https:\/\/vecinosdelinterior.com\/wp-content\/uploads\/2023\/11\/WhatsApp-Image-2023-11-24-at-14.26.49-1-300x225.jpeg 300w, https:\/\/vecinosdelinterior.com\/wp-content\/uploads\/2023\/11\/WhatsApp-Image-2023-11-24-at-14.26.49-1-768x576.jpeg 768w, https:\/\/vecinosdelinterior.com\/wp-content\/uploads\/2023\/11\/WhatsApp-Image-2023-11-24-at-14.26.49-1-1536x1152.jpeg 1536w, https:\/\/vecinosdelinterior.com\/wp-content\/uploads\/2023\/11\/WhatsApp-Image-2023-11-24-at-14.26.49-1-750x563.jpeg 750w, https:\/\/vecinosdelinterior.com\/wp-content\/uploads\/2023\/11\/WhatsApp-Image-2023-11-24-at-14.26.49-1-1140x855.jpeg 1140w, https:\/\/vecinosdelinterior.com\/wp-content\/uploads\/2023\/11\/WhatsApp-Image-2023-11-24-at-14.26.49-1.jpeg 1600w\" sizes=\"(max-width: 1024px) 100vw, 1024px\" \/><\/figure>\n\n\n\n<figure class=\"wp-block-image size-large\"><img decoding=\"async\" width=\"1024\" height=\"767\" data-id=\"1067\" src=\"https:\/\/vecinosdelinterior.com\/wp-content\/uploads\/2023\/11\/WhatsApp-Image-2023-11-24-at-14.26.49-1024x767.jpeg\" alt=\"\" class=\"wp-image-1067\" srcset=\"https:\/\/vecinosdelinterior.com\/wp-content\/uploads\/2023\/11\/WhatsApp-Image-2023-11-24-at-14.26.49-1024x767.jpeg 1024w, https:\/\/vecinosdelinterior.com\/wp-content\/uploads\/2023\/11\/WhatsApp-Image-2023-11-24-at-14.26.49-300x225.jpeg 300w, https:\/\/vecinosdelinterior.com\/wp-content\/uploads\/2023\/11\/WhatsApp-Image-2023-11-24-at-14.26.49-768x576.jpeg 768w, https:\/\/vecinosdelinterior.com\/wp-content\/uploads\/2023\/11\/WhatsApp-Image-2023-11-24-at-14.26.49-1536x1151.jpeg 1536w, https:\/\/vecinosdelinterior.com\/wp-content\/uploads\/2023\/11\/WhatsApp-Image-2023-11-24-at-14.26.49-750x562.jpeg 750w, https:\/\/vecinosdelinterior.com\/wp-content\/uploads\/2023\/11\/WhatsApp-Image-2023-11-24-at-14.26.49-1140x854.jpeg 1140w, https:\/\/vecinosdelinterior.com\/wp-content\/uploads\/2023\/11\/WhatsApp-Image-2023-11-24-at-14.26.49.jpeg 1600w\" sizes=\"(max-width: 1024px) 100vw, 1024px\" \/><\/figure>\n\n\n\n<figure class=\"wp-block-image size-large\"><img decoding=\"async\" width=\"1024\" height=\"682\" data-id=\"1066\" src=\"https:\/\/vecinosdelinterior.com\/wp-content\/uploads\/2023\/11\/WhatsApp-Image-2023-11-24-at-14.26.50-1-1024x682.jpeg\" alt=\"\" class=\"wp-image-1066\" srcset=\"https:\/\/vecinosdelinterior.com\/wp-content\/uploads\/2023\/11\/WhatsApp-Image-2023-11-24-at-14.26.50-1-1024x682.jpeg 1024w, https:\/\/vecinosdelinterior.com\/wp-content\/uploads\/2023\/11\/WhatsApp-Image-2023-11-24-at-14.26.50-1-300x200.jpeg 300w, https:\/\/vecinosdelinterior.com\/wp-content\/uploads\/2023\/11\/WhatsApp-Image-2023-11-24-at-14.26.50-1-768x512.jpeg 768w, https:\/\/vecinosdelinterior.com\/wp-content\/uploads\/2023\/11\/WhatsApp-Image-2023-11-24-at-14.26.50-1-1536x1023.jpeg 1536w, https:\/\/vecinosdelinterior.com\/wp-content\/uploads\/2023\/11\/WhatsApp-Image-2023-11-24-at-14.26.50-1-750x500.jpeg 750w, https:\/\/vecinosdelinterior.com\/wp-content\/uploads\/2023\/11\/WhatsApp-Image-2023-11-24-at-14.26.50-1-1140x760.jpeg 1140w, https:\/\/vecinosdelinterior.com\/wp-content\/uploads\/2023\/11\/WhatsApp-Image-2023-11-24-at-14.26.50-1.jpeg 1600w\" sizes=\"(max-width: 1024px) 100vw, 1024px\" \/><\/figure>\n\n\n\n<figure class=\"wp-block-image size-large\"><img loading=\"lazy\" decoding=\"async\" width=\"1024\" height=\"682\" data-id=\"1068\" src=\"https:\/\/vecinosdelinterior.com\/wp-content\/uploads\/2023\/11\/WhatsApp-Image-2023-11-24-at-14.26.49-3-1-1024x682.jpeg\" alt=\"\" class=\"wp-image-1068\" srcset=\"https:\/\/vecinosdelinterior.com\/wp-content\/uploads\/2023\/11\/WhatsApp-Image-2023-11-24-at-14.26.49-3-1-1024x682.jpeg 1024w, https:\/\/vecinosdelinterior.com\/wp-content\/uploads\/2023\/11\/WhatsApp-Image-2023-11-24-at-14.26.49-3-1-300x200.jpeg 300w, https:\/\/vecinosdelinterior.com\/wp-content\/uploads\/2023\/11\/WhatsApp-Image-2023-11-24-at-14.26.49-3-1-768x512.jpeg 768w, https:\/\/vecinosdelinterior.com\/wp-content\/uploads\/2023\/11\/WhatsApp-Image-2023-11-24-at-14.26.49-3-1-1536x1023.jpeg 1536w, https:\/\/vecinosdelinterior.com\/wp-content\/uploads\/2023\/11\/WhatsApp-Image-2023-11-24-at-14.26.49-3-1-750x500.jpeg 750w, https:\/\/vecinosdelinterior.com\/wp-content\/uploads\/2023\/11\/WhatsApp-Image-2023-11-24-at-14.26.49-3-1-1140x760.jpeg 1140w, https:\/\/vecinosdelinterior.com\/wp-content\/uploads\/2023\/11\/WhatsApp-Image-2023-11-24-at-14.26.49-3-1.jpeg 1600w\" sizes=\"(max-width: 1024px) 100vw, 1024px\" \/><\/figure>\n<\/figure>\n\n\n\n<p>Desde que las jaulas de \u201cY\u00f1aca\u201d y \u201cHiernen\u201d pisaron el lugar, varios c\u00f3ndores se encargaron de brindar un hermoso espect\u00e1culo a los presentes. Sus vuelos entretuvieron a turistas y locales mientras aguardaban la liberaci\u00f3n. \u201cParece que los vienen a buscar\u201d, se escuchaba decir entre los presentes.<\/p>\n\n\n\n<p>Luego de una charla a cargo de Luis Jacome, presidente de la Fundaci\u00f3n Bioandina Argentina, se abrieron las jaulas liberando a la pareja de c\u00f3ndores. La emoci\u00f3n de los presentes fue indescriptible, la mayor\u00eda buscaba perpetuar esa imagen para siempre y compartir con otros su emoci\u00f3n. \u201cNunca viv\u00ed algo as\u00ed, no pude contener las l\u00e1grimas\u201d, dijo Sandra, una turista de Mendoza, que sin dudas le sum\u00f3 un plus especial a su estad\u00eda en Merlo.<\/p>\n\n\n\n<p>Las historias de \u201cY\u00f1aca\u201d y \u201cHiernen\u201d son diferentes. Pero ambos fueron rehabilitados en el Centro de Conservaci\u00f3n de Vida Silvestre de La Florida. \u201cEl macho ingres\u00f3 en marzo con el ala derecha quebrada. Ten\u00eda una fractura y ten\u00eda perdigones, probablemente haya sido baleado\u201d, cont\u00f3 la jefa del \u00c1rea Fauna de la Secretar\u00eda de Ambiente, Lara Denapole, y a\u00f1adi\u00f3: \u201cLa hembra ingres\u00f3 en agosto con anemia, no volaba\u201d. Ambos fueron atendidos y recuperados para poder ser liberados.<\/p>\n\n\n\n<p>Un detalle no menor es que ambas aves portar\u00e1n trasmisores satelitales. \u201cTienen puesta una especie de mochila peque\u00f1a en la espalda. Esto nos va a brindar informaci\u00f3n de donde est\u00e1n, por donde vuelan, por donde se mueven, cu\u00e1ntos kil\u00f3metros hacen, si est\u00e1n parados, durmiendo o comiendo. Toda esa informaci\u00f3n es real y pura de los animales. Esto nos sirve mucho para el manejo de la poblaci\u00f3n.\u201d, explic\u00f3 Denapole. Una acci\u00f3n clave en la pol\u00edtica de conservaci\u00f3n de la especie.<\/p>\n","protected":false},"excerpt":{"rendered":"<p>En lengua huarpe, \u201cY\u00f1aca\u201d significa \u201cdoncella\u201d y \u201cHiernen\u201d, \u201cfuerza\u201d. Ambos hab\u00edan sido rescatados y recuperados en la Reserva de La Florida. Volvieron a volar frente a la mirada atenta de turistas y vecinos de la zona. Llevan trasmisores satelitales para poder ser monitoreados. Este viernes, en una jornada hist\u00f3rica para San Luis, se liberaron dos [&hellip;]<\/p>\n","protected":false},"author":1,"featured_media":1069,"comment_status":"open","ping_status":"open","sticky":false,"template":"","format":"standard","meta":{"footnotes":""},"categories":[73],"tags":[303,124],"class_list":["post-1064","post","type-post","status-publish","format-standard","has-post-thumbnail","hentry","category-merlo","tag-condores","tag-merlo"],"_links":{"self":[{"href":"https:\/\/vecinosdelinterior.com\/index.php\/wp-json\/wp\/v2\/posts\/1064","targetHints":{"allow":["GET"]}}],"collection":[{"href":"https:\/\/vecinosdelinterior.com\/index.php\/wp-json\/wp\/v2\/posts"}],"about":[{"href":"https:\/\/vecinosdelinterior.com\/index.php\/wp-json\/wp\/v2\/types\/post"}],"author":[{"embeddable":true,"href":"https:\/\/vecinosdelinterior.com\/index.php\/wp-json\/wp\/v2\/users\/1"}],"replies":[{"embeddable":true,"href":"https:\/\/vecinosdelinterior.com\/index.php\/wp-json\/wp\/v2\/comments?post=1064"}],"version-history":[{"count":1,"href":"https:\/\/vecinosdelinterior.com\/index.php\/wp-json\/wp\/v2\/posts\/1064\/revisions"}],"predecessor-version":[{"id":1070,"href":"https:\/\/vecinosdelinterior.com\/index.php\/wp-json\/wp\/v2\/posts\/1064\/revisions\/1070"}],"wp:featuredmedia":[{"embeddable":true,"href":"https:\/\/vecinosdelinterior.com\/index.php\/wp-json\/wp\/v2\/media\/1069"}],"wp:attachment":[{"href":"https:\/\/vecinosdelinterior.com\/index.php\/wp-json\/wp\/v2\/media?parent=1064"}],"wp:term":[{"taxonomy":"category","embeddable":true,"href":"https:\/\/vecinosdelinterior.com\/index.php\/wp-json\/wp\/v2\/categories?post=1064"},{"taxonomy":"post_tag","embeddable":true,"href":"https:\/\/vecinosdelinterior.com\/index.php\/wp-json\/wp\/v2\/tags?post=1064"}],"curies":[{"name":"wp","href":"https:\/\/api.w.org\/{rel}","templated":true}]}}