{"id":1075,"date":"2023-11-29T18:53:23","date_gmt":"2023-11-29T21:53:23","guid":{"rendered":"https:\/\/vecinosdelinterior.com\/?p=1075"},"modified":"2023-11-29T18:53:23","modified_gmt":"2023-11-29T21:53:23","slug":"emotivo-acto-de-colacion-en-tilisarao","status":"publish","type":"post","link":"https:\/\/vecinosdelinterior.com\/index.php\/2023\/11\/29\/emotivo-acto-de-colacion-en-tilisarao\/","title":{"rendered":"Emotivo acto de colaci\u00f3n en Tilisarao"},"content":{"rendered":"\n<p>En la nave t\u00e9cnica, los egresados de Tapicer\u00eda, Soldador y Operario de Maquinarias Agr\u00edcolas recibieron sus t\u00edtulos y kits de manos de las autoridades de la Universidad Provincial de Oficios \u201cEva Per\u00f3n\u201d.<\/p>\n\n\n\n<p>Este es el primer acto de graduaci\u00f3n de la extensi\u00f3n que comenz\u00f3 a funcionar en abril de este a\u00f1o y es una de las 12 sedes que tiene la casa de oficios en todo el territorio provincial.<\/p>\n\n\n\n<figure class=\"wp-block-gallery has-nested-images columns-default is-cropped wp-block-gallery-1 is-layout-flex wp-block-gallery-is-layout-flex\">\n<figure class=\"wp-block-image size-large\"><img fetchpriority=\"high\" decoding=\"async\" width=\"750\" height=\"500\" data-id=\"1076\" src=\"https:\/\/vecinosdelinterior.com\/wp-content\/uploads\/2023\/11\/tiligraduados4.jpg\" alt=\"\" class=\"wp-image-1076\" srcset=\"https:\/\/vecinosdelinterior.com\/wp-content\/uploads\/2023\/11\/tiligraduados4.jpg 750w, https:\/\/vecinosdelinterior.com\/wp-content\/uploads\/2023\/11\/tiligraduados4-300x200.jpg 300w\" sizes=\"(max-width: 750px) 100vw, 750px\" \/><\/figure>\n\n\n\n<figure class=\"wp-block-image size-large\"><img decoding=\"async\" width=\"750\" height=\"500\" data-id=\"1077\" src=\"https:\/\/vecinosdelinterior.com\/wp-content\/uploads\/2023\/11\/tiligraduados.jpg\" alt=\"\" class=\"wp-image-1077\" srcset=\"https:\/\/vecinosdelinterior.com\/wp-content\/uploads\/2023\/11\/tiligraduados.jpg 750w, https:\/\/vecinosdelinterior.com\/wp-content\/uploads\/2023\/11\/tiligraduados-300x200.jpg 300w\" sizes=\"(max-width: 750px) 100vw, 750px\" \/><\/figure>\n<\/figure>\n\n\n\n<p>\u201cTenemos alumnos de toda la regi\u00f3n, es notable ver el esfuerzo de muchos chicos que vienen de localidades cercanas, hay muchos alumnos de toda la regi\u00f3n, Concar\u00e1n, Naschel y hasta de Merlo. Lo asumen con mucha responsabilidad por lo cual el porcentaje de asistencias es muy alto\u201d, coment\u00f3 la coordinadora de extensi\u00f3n Nadia Cavallera.<\/p>\n\n\n\n<p>Fueron 25 egresados de Auxiliar de Soldador, 43 de Tapicer\u00eda y 20 de Operario de Maquinarias Agr\u00edcolas. \u201cEn total son 88 profesionales calificados que salen al mercado laboral con otra perspectiva, con un t\u00edtulo, lo cual los acerca mucho m\u00e1s a la posibilidad de trabajar ya sea en forma dependiente o en alg\u00fan emprendimiento\u201d, coment\u00f3 el rector de la instituci\u00f3n, Joaqu\u00edn Surroca.<\/p>\n\n\n\n<p>Del encuentro participaron el intendente de Tilisarao, Juan Manuel Olgu\u00edn, el secretario de Gobierno, Hugo Olgu\u00edn, concejales, autoridades policiales y sanitarias y m\u00e1s de 200 invitados.<\/p>\n","protected":false},"excerpt":{"rendered":"<p>En la nave t\u00e9cnica, los egresados de Tapicer\u00eda, Soldador y Operario de Maquinarias Agr\u00edcolas recibieron sus t\u00edtulos y kits de manos de las autoridades de la Universidad Provincial de Oficios \u201cEva Per\u00f3n\u201d. Este es el primer acto de graduaci\u00f3n de la extensi\u00f3n que comenz\u00f3 a funcionar en abril de este a\u00f1o y es una de [&hellip;]<\/p>\n","protected":false},"author":1,"featured_media":1077,"comment_status":"open","ping_status":"open","sticky":false,"template":"","format":"standard","meta":{"footnotes":""},"categories":[30],"tags":[63,136],"class_list":["post-1075","post","type-post","status-publish","format-standard","has-post-thumbnail","hentry","category-tilisarao","tag-tilisarao","tag-upro"],"_links":{"self":[{"href":"https:\/\/vecinosdelinterior.com\/index.php\/wp-json\/wp\/v2\/posts\/1075","targetHints":{"allow":["GET"]}}],"collection":[{"href":"https:\/\/vecinosdelinterior.com\/index.php\/wp-json\/wp\/v2\/posts"}],"about":[{"href":"https:\/\/vecinosdelinterior.com\/index.php\/wp-json\/wp\/v2\/types\/post"}],"author":[{"embeddable":true,"href":"https:\/\/vecinosdelinterior.com\/index.php\/wp-json\/wp\/v2\/users\/1"}],"replies":[{"embeddable":true,"href":"https:\/\/vecinosdelinterior.com\/index.php\/wp-json\/wp\/v2\/comments?post=1075"}],"version-history":[{"count":1,"href":"https:\/\/vecinosdelinterior.com\/index.php\/wp-json\/wp\/v2\/posts\/1075\/revisions"}],"predecessor-version":[{"id":1078,"href":"https:\/\/vecinosdelinterior.com\/index.php\/wp-json\/wp\/v2\/posts\/1075\/revisions\/1078"}],"wp:featuredmedia":[{"embeddable":true,"href":"https:\/\/vecinosdelinterior.com\/index.php\/wp-json\/wp\/v2\/media\/1077"}],"wp:attachment":[{"href":"https:\/\/vecinosdelinterior.com\/index.php\/wp-json\/wp\/v2\/media?parent=1075"}],"wp:term":[{"taxonomy":"category","embeddable":true,"href":"https:\/\/vecinosdelinterior.com\/index.php\/wp-json\/wp\/v2\/categories?post=1075"},{"taxonomy":"post_tag","embeddable":true,"href":"https:\/\/vecinosdelinterior.com\/index.php\/wp-json\/wp\/v2\/tags?post=1075"}],"curies":[{"name":"wp","href":"https:\/\/api.w.org\/{rel}","templated":true}]}}