{"id":1085,"date":"2023-11-29T19:03:37","date_gmt":"2023-11-29T22:03:37","guid":{"rendered":"https:\/\/vecinosdelinterior.com\/?p=1085"},"modified":"2023-11-29T19:03:37","modified_gmt":"2023-11-29T22:03:37","slug":"nuevos-profesionales-en-el-sur-provincial","status":"publish","type":"post","link":"https:\/\/vecinosdelinterior.com\/index.php\/2023\/11\/29\/nuevos-profesionales-en-el-sur-provincial\/","title":{"rendered":"Nuevos profesionales en el sur provincial"},"content":{"rendered":"\n<p>La extensi\u00f3n Buena Esperanza egres\u00f3 a los primeros 10 Operadores de Maquinaria Agr\u00edcola de Precisi\u00f3n para la Producci\u00f3n, un curso creado espec\u00edficamente para los residentes en la zona del Departamento Dupuy y alrededores.<\/p>\n\n\n\n<figure class=\"wp-block-image size-full\"><img fetchpriority=\"high\" decoding=\"async\" width=\"968\" height=\"694\" src=\"https:\/\/vecinosdelinterior.com\/wp-content\/uploads\/2023\/11\/29-11-2023-19-02-35.jpg\" alt=\"\" class=\"wp-image-1086\" srcset=\"https:\/\/vecinosdelinterior.com\/wp-content\/uploads\/2023\/11\/29-11-2023-19-02-35.jpg 968w, https:\/\/vecinosdelinterior.com\/wp-content\/uploads\/2023\/11\/29-11-2023-19-02-35-300x215.jpg 300w, https:\/\/vecinosdelinterior.com\/wp-content\/uploads\/2023\/11\/29-11-2023-19-02-35-768x551.jpg 768w, https:\/\/vecinosdelinterior.com\/wp-content\/uploads\/2023\/11\/29-11-2023-19-02-35-120x86.jpg 120w, https:\/\/vecinosdelinterior.com\/wp-content\/uploads\/2023\/11\/29-11-2023-19-02-35-350x250.jpg 350w, https:\/\/vecinosdelinterior.com\/wp-content\/uploads\/2023\/11\/29-11-2023-19-02-35-750x538.jpg 750w\" sizes=\"(max-width: 968px) 100vw, 968px\" \/><\/figure>\n\n\n\n<p>\u201cNuestra curr\u00edcula siempre se va adaptando a las necesidades del mercado y de la regi\u00f3n en la cual nos encontramos. No es lo mismo la realidad de una zona rural como \u00e9sta, que la de los conglomerados urbanos. Es por eso que surgi\u00f3 esta idea, de ofrecer mano de obra calificada para las nuevas tecnolog\u00edas que se utilizan en los campos\u201d, coment\u00f3 el rector de la UPrO, Joaqu\u00edn Surroca, sobre estos primeros egresados.<\/p>\n\n\n\n<p>La sede, ubicada en el ingreso norte de la localidad, tambi\u00e9n brinda las opciones de Cocina Profesional e Internacional e Instalador Sanitarista Matriculado, cuyos primeros profesionales estar\u00e1n para mediados del a\u00f1o pr\u00f3ximo.<\/p>\n\n\n\n<p>El intendente Fernando Larroude, entreg\u00f3 kits a los egresados y destac\u00f3 la importancia de la universidad en la regi\u00f3n: \u201cEn nuestro caso, esta extensi\u00f3n cubre todo el departamento Dupuy, por lo que nos llegan alumnos de Fort\u00edn El Patria, Batavia y Nueva Galia. Es decir que abarca toda la zona. Hoy, el avance tecnol\u00f3gico en materia agr\u00edcola es enorme; por lo cual, tener estos nuevos operadores garantizar\u00e1 cubrir puestos laborales que antes lo hac\u00edan gente de afuera\u201d, destac\u00f3.<\/p>\n\n\n\n<p>Este martes habr\u00e1 entrega de diplomas y kits en Tilisarao y el mi\u00e9rcoles en Merlo.<\/p>\n","protected":false},"excerpt":{"rendered":"<p>La extensi\u00f3n Buena Esperanza egres\u00f3 a los primeros 10 Operadores de Maquinaria Agr\u00edcola de Precisi\u00f3n para la Producci\u00f3n, un curso creado espec\u00edficamente para los residentes en la zona del Departamento Dupuy y alrededores. \u201cNuestra curr\u00edcula siempre se va adaptando a las necesidades del mercado y de la regi\u00f3n en la cual nos encontramos. No es [&hellip;]<\/p>\n","protected":false},"author":1,"featured_media":1086,"comment_status":"open","ping_status":"open","sticky":false,"template":"","format":"standard","meta":{"footnotes":""},"categories":[18,16],"tags":[136],"class_list":["post-1085","post","type-post","status-publish","format-standard","has-post-thumbnail","hentry","category-buena-esperanza-dupuy","category-dupuy","tag-upro"],"_links":{"self":[{"href":"https:\/\/vecinosdelinterior.com\/index.php\/wp-json\/wp\/v2\/posts\/1085","targetHints":{"allow":["GET"]}}],"collection":[{"href":"https:\/\/vecinosdelinterior.com\/index.php\/wp-json\/wp\/v2\/posts"}],"about":[{"href":"https:\/\/vecinosdelinterior.com\/index.php\/wp-json\/wp\/v2\/types\/post"}],"author":[{"embeddable":true,"href":"https:\/\/vecinosdelinterior.com\/index.php\/wp-json\/wp\/v2\/users\/1"}],"replies":[{"embeddable":true,"href":"https:\/\/vecinosdelinterior.com\/index.php\/wp-json\/wp\/v2\/comments?post=1085"}],"version-history":[{"count":1,"href":"https:\/\/vecinosdelinterior.com\/index.php\/wp-json\/wp\/v2\/posts\/1085\/revisions"}],"predecessor-version":[{"id":1087,"href":"https:\/\/vecinosdelinterior.com\/index.php\/wp-json\/wp\/v2\/posts\/1085\/revisions\/1087"}],"wp:featuredmedia":[{"embeddable":true,"href":"https:\/\/vecinosdelinterior.com\/index.php\/wp-json\/wp\/v2\/media\/1086"}],"wp:attachment":[{"href":"https:\/\/vecinosdelinterior.com\/index.php\/wp-json\/wp\/v2\/media?parent=1085"}],"wp:term":[{"taxonomy":"category","embeddable":true,"href":"https:\/\/vecinosdelinterior.com\/index.php\/wp-json\/wp\/v2\/categories?post=1085"},{"taxonomy":"post_tag","embeddable":true,"href":"https:\/\/vecinosdelinterior.com\/index.php\/wp-json\/wp\/v2\/tags?post=1085"}],"curies":[{"name":"wp","href":"https:\/\/api.w.org\/{rel}","templated":true}]}}