{"id":1089,"date":"2023-12-02T13:02:56","date_gmt":"2023-12-02T16:02:56","guid":{"rendered":"https:\/\/vecinosdelinterior.com\/?p=1089"},"modified":"2023-12-02T13:02:57","modified_gmt":"2023-12-02T16:02:57","slug":"un-motociclista-murio-tras-chocar-contra-un-poste-de-luz-en-el-trapiche","status":"publish","type":"post","link":"https:\/\/vecinosdelinterior.com\/index.php\/2023\/12\/02\/un-motociclista-murio-tras-chocar-contra-un-poste-de-luz-en-el-trapiche\/","title":{"rendered":"Un motociclista muri\u00f3 tras chocar contra un poste de luz en El Trapiche"},"content":{"rendered":"\n<p><\/p>\n\n\n\n<p>Rub\u00e9n Santander de 33 a\u00f1os perdi\u00f3 la vida este viernes por la noche al chocar contra un poste de luz ubicado en la ruta 9, a pocos metros del SUM Municipal de El Trapiche.<\/p>\n\n\n\n<p>De acuerdo a la informaci\u00f3n policial, por motivos que se investigan el hombre habr\u00eda perdido el control del rodado, despist\u00f3 y colision\u00f3 contra el poste.<\/p>\n\n\n\n<figure class=\"wp-block-image size-full\"><img fetchpriority=\"high\" decoding=\"async\" width=\"517\" height=\"313\" src=\"https:\/\/vecinosdelinterior.com\/wp-content\/uploads\/2023\/12\/accidente-min-1.png\" alt=\"\" class=\"wp-image-1090\" srcset=\"https:\/\/vecinosdelinterior.com\/wp-content\/uploads\/2023\/12\/accidente-min-1.png 517w, https:\/\/vecinosdelinterior.com\/wp-content\/uploads\/2023\/12\/accidente-min-1-300x182.png 300w\" sizes=\"(max-width: 517px) 100vw, 517px\" \/><\/figure>\n","protected":false},"excerpt":{"rendered":"<p>Rub\u00e9n Santander de 33 a\u00f1os perdi\u00f3 la vida este viernes por la noche al chocar contra un poste de luz ubicado en la ruta 9, a pocos metros del SUM Municipal de El Trapiche. De acuerdo a la informaci\u00f3n policial, por motivos que se investigan el hombre habr\u00eda perdido el control del rodado, despist\u00f3 y [&hellip;]<\/p>\n","protected":false},"author":1,"featured_media":1090,"comment_status":"open","ping_status":"open","sticky":false,"template":"","format":"standard","meta":{"footnotes":""},"categories":[99],"tags":[95],"class_list":["post-1089","post","type-post","status-publish","format-standard","has-post-thumbnail","hentry","category-el-trapiche","tag-accidente-vial"],"_links":{"self":[{"href":"https:\/\/vecinosdelinterior.com\/index.php\/wp-json\/wp\/v2\/posts\/1089","targetHints":{"allow":["GET"]}}],"collection":[{"href":"https:\/\/vecinosdelinterior.com\/index.php\/wp-json\/wp\/v2\/posts"}],"about":[{"href":"https:\/\/vecinosdelinterior.com\/index.php\/wp-json\/wp\/v2\/types\/post"}],"author":[{"embeddable":true,"href":"https:\/\/vecinosdelinterior.com\/index.php\/wp-json\/wp\/v2\/users\/1"}],"replies":[{"embeddable":true,"href":"https:\/\/vecinosdelinterior.com\/index.php\/wp-json\/wp\/v2\/comments?post=1089"}],"version-history":[{"count":1,"href":"https:\/\/vecinosdelinterior.com\/index.php\/wp-json\/wp\/v2\/posts\/1089\/revisions"}],"predecessor-version":[{"id":1091,"href":"https:\/\/vecinosdelinterior.com\/index.php\/wp-json\/wp\/v2\/posts\/1089\/revisions\/1091"}],"wp:featuredmedia":[{"embeddable":true,"href":"https:\/\/vecinosdelinterior.com\/index.php\/wp-json\/wp\/v2\/media\/1090"}],"wp:attachment":[{"href":"https:\/\/vecinosdelinterior.com\/index.php\/wp-json\/wp\/v2\/media?parent=1089"}],"wp:term":[{"taxonomy":"category","embeddable":true,"href":"https:\/\/vecinosdelinterior.com\/index.php\/wp-json\/wp\/v2\/categories?post=1089"},{"taxonomy":"post_tag","embeddable":true,"href":"https:\/\/vecinosdelinterior.com\/index.php\/wp-json\/wp\/v2\/tags?post=1089"}],"curies":[{"name":"wp","href":"https:\/\/api.w.org\/{rel}","templated":true}]}}