{"id":11,"date":"2023-07-06T12:13:03","date_gmt":"2023-07-06T15:13:03","guid":{"rendered":"https:\/\/vecinosdelinterior.com\/?p=11"},"modified":"2023-07-06T12:13:03","modified_gmt":"2023-07-06T15:13:03","slug":"abrio-la-casa-de-las-juventudes-en-la-toma","status":"publish","type":"post","link":"https:\/\/vecinosdelinterior.com\/index.php\/2023\/07\/06\/abrio-la-casa-de-las-juventudes-en-la-toma\/","title":{"rendered":"Abri\u00f3 la Casa de las Juventudes en La Toma"},"content":{"rendered":"\n<p>El intendente de la ciudad, Ernesto \u201cPipi\u201d Al\u00ed, y el secretario de las Juventudes, Emiliano Blanco, inauguraron el espacio que se encuentra en la Municipalidad, ubicada entre las avenidas Belgrano y Rivadavia. All\u00ed funcionar\u00e1 una sede de la Secretar\u00eda de puertas abiertas para las chicas y chicos de la localidad.<\/p>\n\n\n\n<figure class=\"wp-block-gallery has-nested-images columns-default is-cropped wp-block-gallery-1 is-layout-flex wp-block-gallery-is-layout-flex\">\n<figure class=\"wp-block-image size-large\"><img fetchpriority=\"high\" decoding=\"async\" width=\"1024\" height=\"684\" data-id=\"13\" src=\"https:\/\/vecinosdelinterior.com\/wp-content\/uploads\/2023\/07\/DSC00377-1024x684.jpg\" alt=\"\" class=\"wp-image-13\" srcset=\"https:\/\/vecinosdelinterior.com\/wp-content\/uploads\/2023\/07\/DSC00377-1024x684.jpg 1024w, https:\/\/vecinosdelinterior.com\/wp-content\/uploads\/2023\/07\/DSC00377-300x200.jpg 300w, https:\/\/vecinosdelinterior.com\/wp-content\/uploads\/2023\/07\/DSC00377-768x513.jpg 768w, https:\/\/vecinosdelinterior.com\/wp-content\/uploads\/2023\/07\/DSC00377-1536x1027.jpg 1536w, https:\/\/vecinosdelinterior.com\/wp-content\/uploads\/2023\/07\/DSC00377.jpg 1616w\" sizes=\"(max-width: 1024px) 100vw, 1024px\" \/><\/figure>\n\n\n\n<figure class=\"wp-block-image size-large\"><img decoding=\"async\" width=\"1024\" height=\"684\" data-id=\"14\" src=\"https:\/\/vecinosdelinterior.com\/wp-content\/uploads\/2023\/07\/DSC00398-1024x684.jpg\" alt=\"\" class=\"wp-image-14\" srcset=\"https:\/\/vecinosdelinterior.com\/wp-content\/uploads\/2023\/07\/DSC00398-1024x684.jpg 1024w, https:\/\/vecinosdelinterior.com\/wp-content\/uploads\/2023\/07\/DSC00398-300x200.jpg 300w, https:\/\/vecinosdelinterior.com\/wp-content\/uploads\/2023\/07\/DSC00398-768x513.jpg 768w, https:\/\/vecinosdelinterior.com\/wp-content\/uploads\/2023\/07\/DSC00398-1536x1027.jpg 1536w, https:\/\/vecinosdelinterior.com\/wp-content\/uploads\/2023\/07\/DSC00398.jpg 1616w\" sizes=\"(max-width: 1024px) 100vw, 1024px\" \/><\/figure>\n<\/figure>\n\n\n\n<p>\u201cElegimos ponerle \u2018casa\u2019 porque entendemos que, justamente, es un sin\u00f3nimo de hogar y de sentido de pertenencia. Adem\u00e1s, como dice el gobernador Alberto Rodr\u00edguez Sa\u00e1, debemos llevar las pol\u00edticas de Gobierno de la periferia al centro\u201d, expres\u00f3 el secretario de las Juventudes en el acto que inici\u00f3 a las 16:30 y cont\u00f3 con el acompa\u00f1amiento de Centros de Estudiantes locales, promos, vecinos y vecinas.<\/p>\n\n\n\n<p>El espacio estar\u00e1 abierto de lunes a viernes de 8:00 a 12:00 y de 14:00 a 18:00; adem\u00e1s los s\u00e1bados brindar\u00e1 atenci\u00f3n de 10:00 a 12:00 para quienes estudien en el interior o no puedan acercarse durante la semana. Contar\u00e1 con personal especializado de la Secretar\u00eda de las Juventudes que recepcionar\u00e1 consultas y brindar\u00e1 asesoramiento sobre las pol\u00edticas p\u00fablicas de la cartera.<\/p>\n\n\n\n<p>Con relaci\u00f3n al nuevo espacio, el intendente Al\u00ed manifest\u00f3: \u201cTener este espacio es el resultado de un enorme trabajo con la Secretar\u00eda de las Juventudes. Los j\u00f3venes de hoy no son el futuro, sino el presente de La Toma y la Provincia\u201c.<\/p>\n\n\n\n<p>La Casa de las Juventudes tiene como objetivo fortalecer el rol activo de los chicos y chicas en la comunidad; difundir las iniciativas del Gobierno provincial; e identificar las demandas de la poblaci\u00f3n joven para sistematizarlas y volcarlas en el dise\u00f1o de nuevas pol\u00edticas p\u00fablicas.<\/p>\n\n\n\n<p>\u201cDe los espacios de Juventudes que queremos abrir en toda la provincia, La Toma ten\u00eda que ser el primero sin ning\u00fan lugar a dudas, por el trabajo que se hace ah\u00ed con las juventudes\u201d, cerr\u00f3 Blanco.<\/p>\n","protected":false},"excerpt":{"rendered":"<p>El intendente de la ciudad, Ernesto \u201cPipi\u201d Al\u00ed, y el secretario de las Juventudes, Emiliano Blanco, inauguraron el espacio que se encuentra en la Municipalidad, ubicada entre las avenidas Belgrano y Rivadavia. All\u00ed funcionar\u00e1 una sede de la Secretar\u00eda de puertas abiertas para las chicas y chicos de la localidad. \u201cElegimos ponerle \u2018casa\u2019 porque entendemos [&hellip;]<\/p>\n","protected":false},"author":1,"featured_media":12,"comment_status":"open","ping_status":"open","sticky":false,"template":"","format":"standard","meta":{"footnotes":""},"categories":[3,2],"tags":[5,7,6],"class_list":["post-11","post","type-post","status-publish","format-standard","has-post-thumbnail","hentry","category-la-toma","category-pringles","tag-departamento-pringles","tag-juventudes","tag-la-toma"],"_links":{"self":[{"href":"https:\/\/vecinosdelinterior.com\/index.php\/wp-json\/wp\/v2\/posts\/11","targetHints":{"allow":["GET"]}}],"collection":[{"href":"https:\/\/vecinosdelinterior.com\/index.php\/wp-json\/wp\/v2\/posts"}],"about":[{"href":"https:\/\/vecinosdelinterior.com\/index.php\/wp-json\/wp\/v2\/types\/post"}],"author":[{"embeddable":true,"href":"https:\/\/vecinosdelinterior.com\/index.php\/wp-json\/wp\/v2\/users\/1"}],"replies":[{"embeddable":true,"href":"https:\/\/vecinosdelinterior.com\/index.php\/wp-json\/wp\/v2\/comments?post=11"}],"version-history":[{"count":1,"href":"https:\/\/vecinosdelinterior.com\/index.php\/wp-json\/wp\/v2\/posts\/11\/revisions"}],"predecessor-version":[{"id":15,"href":"https:\/\/vecinosdelinterior.com\/index.php\/wp-json\/wp\/v2\/posts\/11\/revisions\/15"}],"wp:featuredmedia":[{"embeddable":true,"href":"https:\/\/vecinosdelinterior.com\/index.php\/wp-json\/wp\/v2\/media\/12"}],"wp:attachment":[{"href":"https:\/\/vecinosdelinterior.com\/index.php\/wp-json\/wp\/v2\/media?parent=11"}],"wp:term":[{"taxonomy":"category","embeddable":true,"href":"https:\/\/vecinosdelinterior.com\/index.php\/wp-json\/wp\/v2\/categories?post=11"},{"taxonomy":"post_tag","embeddable":true,"href":"https:\/\/vecinosdelinterior.com\/index.php\/wp-json\/wp\/v2\/tags?post=11"}],"curies":[{"name":"wp","href":"https:\/\/api.w.org\/{rel}","templated":true}]}}