{"id":112,"date":"2023-07-14T10:07:03","date_gmt":"2023-07-14T13:07:03","guid":{"rendered":"https:\/\/vecinosdelinterior.com\/?p=112"},"modified":"2023-07-14T10:07:03","modified_gmt":"2023-07-14T13:07:03","slug":"crimen-del-veterinario-en-tilisarao-autorizan-las-pericias-a-los-celulares-de-allegados-de-pablo-ashworth","status":"publish","type":"post","link":"https:\/\/vecinosdelinterior.com\/index.php\/2023\/07\/14\/crimen-del-veterinario-en-tilisarao-autorizan-las-pericias-a-los-celulares-de-allegados-de-pablo-ashworth\/","title":{"rendered":"Crimen del veterinario en Tilisarao: autorizan las pericias a los celulares de allegados de Pablo Ashworth"},"content":{"rendered":"\n<p><br>El juez de Garant\u00edas N\u00ba 2 subrogante de la Tercera Circunscripci\u00f3n Judicial, Jorge Pinto, autoriz\u00f3 la realizaci\u00f3n de pericias a tel\u00e9fonos secuestrados en el marco de la investigaci\u00f3n por la muerte del m\u00e9dico veterinario Jorge \u201cTedy\u201d Ashworth.<\/p>\n\n\n\n<p>El peritaje estar\u00e1 a cargo de profesionales del Departamento de Delitos Complejos del Poder Judicial.<\/p>\n\n\n\n<p>Pinto hizo lugar al pedido realizado por la Fiscal\u00eda durante la audiencia celebrada este jueves a la ma\u00f1ana en la Sala Oral de Concar\u00e1n. La fiscal D\u00e9bora Roy Gitto y la fiscal adjunta, Lorena Ohanian, explicaron que se tratan de equipos m\u00f3viles que pertenecen a personas allegadas a Pablo Ashworth, hijo de la v\u00edctima e imputado en la causa por el delito de homicidio agravado por el v\u00ednculo.<\/p>\n\n\n\n<figure class=\"wp-block-image size-large\"><img fetchpriority=\"high\" decoding=\"async\" width=\"1024\" height=\"574\" src=\"https:\/\/vecinosdelinterior.com\/wp-content\/uploads\/2023\/07\/sinflores-1024x574.jpg\" alt=\"\" class=\"wp-image-113\" srcset=\"https:\/\/vecinosdelinterior.com\/wp-content\/uploads\/2023\/07\/sinflores-1024x574.jpg 1024w, https:\/\/vecinosdelinterior.com\/wp-content\/uploads\/2023\/07\/sinflores-300x168.jpg 300w, https:\/\/vecinosdelinterior.com\/wp-content\/uploads\/2023\/07\/sinflores-768x430.jpg 768w, https:\/\/vecinosdelinterior.com\/wp-content\/uploads\/2023\/07\/sinflores-520x292.jpg 520w, https:\/\/vecinosdelinterior.com\/wp-content\/uploads\/2023\/07\/sinflores-860x483.jpg 860w, https:\/\/vecinosdelinterior.com\/wp-content\/uploads\/2023\/07\/sinflores.jpg 1265w\" sizes=\"(max-width: 1024px) 100vw, 1024px\" \/><\/figure>\n\n\n\n<p>Los tel\u00e9fonos fueron secuestrados en allanamientos que se realizaron en la ciudad de Tilisarao, horas despu\u00e9s del hecho. Tambi\u00e9n se orden\u00f3 peritar el tel\u00e9fono encontrado en el veh\u00edculo de la v\u00edctima.<\/p>\n\n\n\n<p>\u201cTedy\u201d fue encontrado sin vida en el interior de una camioneta que se incendiaba, el pasado 4 de julio, en un establecimiento rural ubicado entre San Pablo y Tilisarao.<\/p>\n\n\n\n<p>\u201cA efectos de esclarecer los hechos, es que el Ministerio P\u00fablico Fiscal le solicita al juez la autorizaci\u00f3n para peritar estos tel\u00e9fonos\u201d, dijo Roy Gitto. La acci\u00f3n forense autorizada por el magistrado se realizar\u00e1 bajo cinco puntos de pericia: la geolocalizaci\u00f3n de los equipos durante el 4 de julio entre las 17 horas y las 2 de la madrugada del 5 de julio; el intercambio de mensajes desde las distintas redes de recepci\u00f3n de datos (sms, redes sociales, etc); el registro de llamadas entrantes y salientes, la identificaci\u00f3n de redes sociales descargadas y el registro del historial de b\u00fasquedas entre el 20 de junio de 2023 al 6 de julio del mismo a\u00f1o.<\/p>\n\n\n\n<p>La apertura, extracci\u00f3n y copia forense de la informaci\u00f3n contenida en cada dispositivo estar\u00e1 a cargo del Departamento de Delitos Complejos de la Primera Circunscripci\u00f3n. Por esto, el juez Pinto orden\u00f3 que se libre oficio a dicho departamento para que fije fecha de la pericia, la cual deber\u00e1 ser informada 72 horas antes a la Defensa del imputado,<\/p>\n\n\n\n<p>Sergio Flores, abogado de Pablo Aswhorth, no particip\u00f3 de la audiencia de la jornada. Desde Fiscal\u00eda informaron que fue debidamente notificado.<\/p>\n","protected":false},"excerpt":{"rendered":"<p>El juez de Garant\u00edas N\u00ba 2 subrogante de la Tercera Circunscripci\u00f3n Judicial, Jorge Pinto, autoriz\u00f3 la realizaci\u00f3n de pericias a tel\u00e9fonos secuestrados en el marco de la investigaci\u00f3n por la muerte del m\u00e9dico veterinario Jorge \u201cTedy\u201d Ashworth. El peritaje estar\u00e1 a cargo de profesionales del Departamento de Delitos Complejos del Poder Judicial. Pinto hizo lugar [&hellip;]<\/p>\n","protected":false},"author":1,"featured_media":113,"comment_status":"open","ping_status":"open","sticky":false,"template":"","format":"standard","meta":{"footnotes":""},"categories":[29,30],"tags":[61,63,62],"class_list":["post-112","post","type-post","status-publish","format-standard","has-post-thumbnail","hentry","category-chacabuco","category-tilisarao","tag-crimen","tag-tilisarao","tag-veterinario"],"_links":{"self":[{"href":"https:\/\/vecinosdelinterior.com\/index.php\/wp-json\/wp\/v2\/posts\/112","targetHints":{"allow":["GET"]}}],"collection":[{"href":"https:\/\/vecinosdelinterior.com\/index.php\/wp-json\/wp\/v2\/posts"}],"about":[{"href":"https:\/\/vecinosdelinterior.com\/index.php\/wp-json\/wp\/v2\/types\/post"}],"author":[{"embeddable":true,"href":"https:\/\/vecinosdelinterior.com\/index.php\/wp-json\/wp\/v2\/users\/1"}],"replies":[{"embeddable":true,"href":"https:\/\/vecinosdelinterior.com\/index.php\/wp-json\/wp\/v2\/comments?post=112"}],"version-history":[{"count":1,"href":"https:\/\/vecinosdelinterior.com\/index.php\/wp-json\/wp\/v2\/posts\/112\/revisions"}],"predecessor-version":[{"id":114,"href":"https:\/\/vecinosdelinterior.com\/index.php\/wp-json\/wp\/v2\/posts\/112\/revisions\/114"}],"wp:featuredmedia":[{"embeddable":true,"href":"https:\/\/vecinosdelinterior.com\/index.php\/wp-json\/wp\/v2\/media\/113"}],"wp:attachment":[{"href":"https:\/\/vecinosdelinterior.com\/index.php\/wp-json\/wp\/v2\/media?parent=112"}],"wp:term":[{"taxonomy":"category","embeddable":true,"href":"https:\/\/vecinosdelinterior.com\/index.php\/wp-json\/wp\/v2\/categories?post=112"},{"taxonomy":"post_tag","embeddable":true,"href":"https:\/\/vecinosdelinterior.com\/index.php\/wp-json\/wp\/v2\/tags?post=112"}],"curies":[{"name":"wp","href":"https:\/\/api.w.org\/{rel}","templated":true}]}}