{"id":1120,"date":"2023-12-07T10:32:57","date_gmt":"2023-12-07T13:32:57","guid":{"rendered":"https:\/\/vecinosdelinterior.com\/?p=1120"},"modified":"2023-12-07T10:32:58","modified_gmt":"2023-12-07T13:32:58","slug":"condenaron-a-un-hombre-por-un-robo-en-carpinteria","status":"publish","type":"post","link":"https:\/\/vecinosdelinterior.com\/index.php\/2023\/12\/07\/condenaron-a-un-hombre-por-un-robo-en-carpinteria\/","title":{"rendered":"CONDENARON A UN HOMBRE POR UN ROBO EN CARPINTER\u00cdA"},"content":{"rendered":"\n<p>Le impusieron una pena de 4 a\u00f1os de prisi\u00f3n por un hecho ocurrido el pasado 2 de mayo de 2018.<\/p>\n\n\n\n<p>Este mi\u00e9rcoles, en la C\u00e1mara de Apelaciones de la Tercera Circunscripci\u00f3n Judicial inici\u00f3 un debate oral en el marco de una causa de robo y resistencia a la autoridad.<\/p>\n\n\n\n<p>El imputado fue juzgado por un hecho ocurrido el 2 de mayo de 2018 en Carpinter\u00eda -frente a la Sub Comisar\u00eda N\u00ba 19 de dicha localidad-. La causa se inici\u00f3 a partir de la denuncia del damnificado y de una auxiliar quien en esa oportunidad escuch\u00f3 ruidos de vidrios rotos que proven\u00edan de la parte externa del edificio policial, cuando se dirigi\u00f3 a verificar observ\u00f3 a una persona de sexo masculino que se encontraba en la vereda mirando hacia una casilla rodante que se encontraba secuestrada. Luego, esta auxiliar constat\u00f3 que la casilla presentaba da\u00f1o en una de las ventanillas, inform\u00f3 por radio lo sucedido y en consecuencia iniciaron un rastrillaje en la zona.<\/p>\n\n\n\n<p>Los oficiales en el recorrido \u2013cruzando una alcantarilla- vieron a una persona con caracter\u00edsticas similares a la descripta por la auxiliar. En ese momento, fue interceptado por la polic\u00eda pero se fug\u00f3. Luego, los elementos fueron encontrados en una alcantarilla, los cuales fueron reconocidos por el due\u00f1o de la casilla rodante.<\/p>\n\n\n\n<p>Seg\u00fan la acusaci\u00f3n fiscal el hecho se configura en la conducta del imputado que rompi\u00f3 los vidrios de la camioneta y de la casa rodante para apoderarse de elementos que se hallaban en su interior.<\/p>\n\n\n\n<p>Como Fiscal de Juicio intervino el Dr. Mario N\u00e9stor Zudaire, como defensor del acusado el Dr. Jos\u00e9 Francisco P\u00e9rez \u2013Defensor Oficial-. La sala unipersonal estuvo integrada por la Dra. Mar\u00eda Claudia Ucello<\/p>\n\n\n\n<p>Luego de desarrollada la etapa probatoria, la Dra. Ucello recepcion\u00f3 los alegatos del Fiscal de Juicio y Defensor Oficial.<\/p>\n\n\n\n<p>En su alegato, el representante del Ministerio P\u00fablico Fiscal, manifest\u00f3 que la prueba es suficiente para acreditar la autor\u00eda del hecho y solicit\u00f3 al tribunal que el acusado sea condenado a la pena de 4 a\u00f1os y seis meses de prisi\u00f3n por ser responsable penalmente y materialmente del delito previsto en el art. 164 del C\u00f3digo Penal de la Naci\u00f3n.<\/p>\n\n\n\n<p>Como agravantes mencion\u00f3 la actitud asumida \u2013despu\u00e9s del hecho- al momento de ser abordado por la polic\u00eda al intentar evadirla. Asimismo, inform\u00f3 sobre los antecedentes. Atenuantes no encontr\u00f3.<\/p>\n\n\n\n<p>La defensa, al momento de su alegato, esgrimi\u00f3 que el plexo probatorio carece de objetividad. Dijo que se ha investigado un delito contra la propiedad pero no se ha demostrado dicha propiedad y que no se ha arribado a la certeza para llegar a acreditar la autor\u00eda del hecho. Solicit\u00f3 la absoluci\u00f3n de su defendido por el beneficio de la duda.<\/p>\n\n\n\n<p>Luego de un cuarto intermedio, la sala unipersonal integrada por la Dra. Mar\u00eda Claudia Ucello emiti\u00f3 el veredicto:<\/p>\n\n\n\n<p>Declar\u00f3 culpable como autor material y penalmente responsable al imputado en esta causa por el delito prescripto en el art. 164 del C\u00f3digo Penal \u2013robo- hecho cometido en perjuicio de D.A.G y que fuera denunciado en fecha 2 de mayo de 2018, ocurrido en la inmediaciones de la comisar\u00eda de Carpinter\u00eda, de esta provincia. Conden\u00e1ndolo a sufrir la pena de 4 a\u00f1os de prisi\u00f3n m\u00e1s accesorias legales y costas del proceso. Conforme surge del informe del R.N.R agregado en autos y de lo informado por secretaria en el debate, a la pena impuesta en esta causa, deber\u00e1 sumarse la condena impuesta de 20 meses de prisi\u00f3n la que adquiere la condici\u00f3n de prisi\u00f3n en cumplimiento efectivo dictada en otra causa por el delito de encubrimiento.<\/p>\n","protected":false},"excerpt":{"rendered":"<p>Le impusieron una pena de 4 a\u00f1os de prisi\u00f3n por un hecho ocurrido el pasado 2 de mayo de 2018. Este mi\u00e9rcoles, en la C\u00e1mara de Apelaciones de la Tercera Circunscripci\u00f3n Judicial inici\u00f3 un debate oral en el marco de una causa de robo y resistencia a la autoridad. El imputado fue juzgado por un [&hellip;]<\/p>\n","protected":false},"author":1,"featured_media":1121,"comment_status":"open","ping_status":"open","sticky":false,"template":"","format":"standard","meta":{"footnotes":""},"categories":[75,23],"tags":[],"class_list":["post-1120","post","type-post","status-publish","format-standard","has-post-thumbnail","hentry","category-carpinteria","category-junin"],"_links":{"self":[{"href":"https:\/\/vecinosdelinterior.com\/index.php\/wp-json\/wp\/v2\/posts\/1120","targetHints":{"allow":["GET"]}}],"collection":[{"href":"https:\/\/vecinosdelinterior.com\/index.php\/wp-json\/wp\/v2\/posts"}],"about":[{"href":"https:\/\/vecinosdelinterior.com\/index.php\/wp-json\/wp\/v2\/types\/post"}],"author":[{"embeddable":true,"href":"https:\/\/vecinosdelinterior.com\/index.php\/wp-json\/wp\/v2\/users\/1"}],"replies":[{"embeddable":true,"href":"https:\/\/vecinosdelinterior.com\/index.php\/wp-json\/wp\/v2\/comments?post=1120"}],"version-history":[{"count":1,"href":"https:\/\/vecinosdelinterior.com\/index.php\/wp-json\/wp\/v2\/posts\/1120\/revisions"}],"predecessor-version":[{"id":1122,"href":"https:\/\/vecinosdelinterior.com\/index.php\/wp-json\/wp\/v2\/posts\/1120\/revisions\/1122"}],"wp:featuredmedia":[{"embeddable":true,"href":"https:\/\/vecinosdelinterior.com\/index.php\/wp-json\/wp\/v2\/media\/1121"}],"wp:attachment":[{"href":"https:\/\/vecinosdelinterior.com\/index.php\/wp-json\/wp\/v2\/media?parent=1120"}],"wp:term":[{"taxonomy":"category","embeddable":true,"href":"https:\/\/vecinosdelinterior.com\/index.php\/wp-json\/wp\/v2\/categories?post=1120"},{"taxonomy":"post_tag","embeddable":true,"href":"https:\/\/vecinosdelinterior.com\/index.php\/wp-json\/wp\/v2\/tags?post=1120"}],"curies":[{"name":"wp","href":"https:\/\/api.w.org\/{rel}","templated":true}]}}