{"id":1131,"date":"2023-12-13T08:35:04","date_gmt":"2023-12-13T11:35:04","guid":{"rendered":"https:\/\/vecinosdelinterior.com\/?p=1131"},"modified":"2023-12-13T08:35:04","modified_gmt":"2023-12-13T11:35:04","slug":"controlaron-un-incendio-en-carpinteria","status":"publish","type":"post","link":"https:\/\/vecinosdelinterior.com\/index.php\/2023\/12\/13\/controlaron-un-incendio-en-carpinteria\/","title":{"rendered":"Controlaron un incendio en Carpinter\u00eda"},"content":{"rendered":"\n<p>Fue en la la Planta de Tratamiento de Residuos S\u00f3lidos Urbanos conocida como El Jote. S\u00f3lo se quem\u00f3 basura no reciclada.<\/p>\n\n\n\n<p>Los Bomberos Voluntarios de Carpinter\u00eda sofocaron un incendio que se produjo en una de las fosas de acopio de la Planta de Tratamiento de Residuos Solidos Urbanos de esa localidad del departamento Jun\u00edn. Trabajaron 11 efectivos y r\u00e1pidamente pudieron controlar las llamas, inform\u00f3 Gonzalo P\u00e9rez, jefe del \u00e1rea de Emergencias de la Direcci\u00f3n de Gesti\u00f3n y Prevenci\u00f3n de las Emergencias del Ministerio de Seguridad de la provincia de San Luis. Afortunadamente no hubo que lamentar da\u00f1os ya que s\u00f3lo se quem\u00f3 basura no reciclada. El incendio no tiene posibilidad de propagarse ni de volver a activarse ya que se encuentra rodeado por los bomberos y adem\u00e1s no existe conducci\u00f3n de material combustible ya que est\u00e1 dentro de un pozo.<\/p>\n\n\n\n<figure class=\"wp-block-gallery has-nested-images columns-default is-cropped wp-block-gallery-1 is-layout-flex wp-block-gallery-is-layout-flex\">\n<figure class=\"wp-block-image size-large\"><img fetchpriority=\"high\" decoding=\"async\" width=\"1024\" height=\"683\" data-id=\"1132\" src=\"https:\/\/vecinosdelinterior.com\/wp-content\/uploads\/2023\/12\/WhatsApp-Image-2023-12-12-at-18.47.42-1024x683.jpeg\" alt=\"\" class=\"wp-image-1132\" srcset=\"https:\/\/vecinosdelinterior.com\/wp-content\/uploads\/2023\/12\/WhatsApp-Image-2023-12-12-at-18.47.42-1024x683.jpeg 1024w, https:\/\/vecinosdelinterior.com\/wp-content\/uploads\/2023\/12\/WhatsApp-Image-2023-12-12-at-18.47.42-300x200.jpeg 300w, https:\/\/vecinosdelinterior.com\/wp-content\/uploads\/2023\/12\/WhatsApp-Image-2023-12-12-at-18.47.42-768x512.jpeg 768w, https:\/\/vecinosdelinterior.com\/wp-content\/uploads\/2023\/12\/WhatsApp-Image-2023-12-12-at-18.47.42-750x500.jpeg 750w, https:\/\/vecinosdelinterior.com\/wp-content\/uploads\/2023\/12\/WhatsApp-Image-2023-12-12-at-18.47.42.jpeg 1080w\" sizes=\"(max-width: 1024px) 100vw, 1024px\" \/><\/figure>\n\n\n\n<figure class=\"wp-block-image size-large\"><img decoding=\"async\" width=\"1024\" height=\"683\" data-id=\"1133\" src=\"https:\/\/vecinosdelinterior.com\/wp-content\/uploads\/2023\/12\/WhatsApp-Image-2023-12-12-at-18.47.34-1024x683.jpeg\" alt=\"\" class=\"wp-image-1133\" srcset=\"https:\/\/vecinosdelinterior.com\/wp-content\/uploads\/2023\/12\/WhatsApp-Image-2023-12-12-at-18.47.34-1024x683.jpeg 1024w, https:\/\/vecinosdelinterior.com\/wp-content\/uploads\/2023\/12\/WhatsApp-Image-2023-12-12-at-18.47.34-300x200.jpeg 300w, https:\/\/vecinosdelinterior.com\/wp-content\/uploads\/2023\/12\/WhatsApp-Image-2023-12-12-at-18.47.34-768x512.jpeg 768w, https:\/\/vecinosdelinterior.com\/wp-content\/uploads\/2023\/12\/WhatsApp-Image-2023-12-12-at-18.47.34-750x500.jpeg 750w, https:\/\/vecinosdelinterior.com\/wp-content\/uploads\/2023\/12\/WhatsApp-Image-2023-12-12-at-18.47.34.jpeg 1080w\" sizes=\"(max-width: 1024px) 100vw, 1024px\" \/><\/figure>\n<\/figure>\n","protected":false},"excerpt":{"rendered":"<p>Fue en la la Planta de Tratamiento de Residuos S\u00f3lidos Urbanos conocida como El Jote. S\u00f3lo se quem\u00f3 basura no reciclada. Los Bomberos Voluntarios de Carpinter\u00eda sofocaron un incendio que se produjo en una de las fosas de acopio de la Planta de Tratamiento de Residuos Solidos Urbanos de esa localidad del departamento Jun\u00edn. Trabajaron [&hellip;]<\/p>\n","protected":false},"author":1,"featured_media":1133,"comment_status":"open","ping_status":"open","sticky":false,"template":"","format":"standard","meta":{"footnotes":""},"categories":[75,23],"tags":[102,77],"class_list":["post-1131","post","type-post","status-publish","format-standard","has-post-thumbnail","hentry","category-carpinteria","category-junin","tag-carpinteria","tag-incendio"],"_links":{"self":[{"href":"https:\/\/vecinosdelinterior.com\/index.php\/wp-json\/wp\/v2\/posts\/1131","targetHints":{"allow":["GET"]}}],"collection":[{"href":"https:\/\/vecinosdelinterior.com\/index.php\/wp-json\/wp\/v2\/posts"}],"about":[{"href":"https:\/\/vecinosdelinterior.com\/index.php\/wp-json\/wp\/v2\/types\/post"}],"author":[{"embeddable":true,"href":"https:\/\/vecinosdelinterior.com\/index.php\/wp-json\/wp\/v2\/users\/1"}],"replies":[{"embeddable":true,"href":"https:\/\/vecinosdelinterior.com\/index.php\/wp-json\/wp\/v2\/comments?post=1131"}],"version-history":[{"count":1,"href":"https:\/\/vecinosdelinterior.com\/index.php\/wp-json\/wp\/v2\/posts\/1131\/revisions"}],"predecessor-version":[{"id":1134,"href":"https:\/\/vecinosdelinterior.com\/index.php\/wp-json\/wp\/v2\/posts\/1131\/revisions\/1134"}],"wp:featuredmedia":[{"embeddable":true,"href":"https:\/\/vecinosdelinterior.com\/index.php\/wp-json\/wp\/v2\/media\/1133"}],"wp:attachment":[{"href":"https:\/\/vecinosdelinterior.com\/index.php\/wp-json\/wp\/v2\/media?parent=1131"}],"wp:term":[{"taxonomy":"category","embeddable":true,"href":"https:\/\/vecinosdelinterior.com\/index.php\/wp-json\/wp\/v2\/categories?post=1131"},{"taxonomy":"post_tag","embeddable":true,"href":"https:\/\/vecinosdelinterior.com\/index.php\/wp-json\/wp\/v2\/tags?post=1131"}],"curies":[{"name":"wp","href":"https:\/\/api.w.org\/{rel}","templated":true}]}}