{"id":1138,"date":"2023-12-13T22:15:15","date_gmt":"2023-12-14T01:15:15","guid":{"rendered":"https:\/\/vecinosdelinterior.com\/?p=1138"},"modified":"2023-12-13T22:15:16","modified_gmt":"2023-12-14T01:15:16","slug":"villa-larca-trabajan-para-normalizar-la-situacion-tras-un-temporal","status":"publish","type":"post","link":"https:\/\/vecinosdelinterior.com\/index.php\/2023\/12\/13\/villa-larca-trabajan-para-normalizar-la-situacion-tras-un-temporal\/","title":{"rendered":"Villa Larca: trabajan para normalizar la situaci\u00f3n tras un temporal"},"content":{"rendered":"\n<p>El personal de la Direcci\u00f3n de Gesti\u00f3n y Prevenci\u00f3n de las Emergencias del Ministerio de Seguridad se moviliz\u00f3 r\u00e1pidamente para colaborar en las labores de recuperaci\u00f3n de m\u00e1s de 20 viviendas afectadas.<\/p>\n\n\n\n<p>Durante las primeras horas de la madrugada de este mi\u00e9rcoles, Villa Larca, en el departamento Chacabuco, fue azotada por un temporal que se caracteriz\u00f3 por fuertes vientos y precipitaciones intensas y dej\u00f3 a su paso la voladura de varios techos en un n\u00famero significativo de hogares. No se reportaron heridos.<\/p>\n\n\n\n<p>En estos momentos 12 brigadistas, equipados con cuatro unidades especializadas en asistencia domiciliaria, se encuentran desplegados en la zona afectada trabajando incansablemente para restablecer la normalidad en la vida de los vecinos afectados.<\/p>\n\n\n\n<p>Cabe destacar que esta ardua tarea se lleva a cabo en colaboraci\u00f3n estrecha con los bomberos voluntarios de la localidad y el apoyo de la Municipalidad de Villa Larca.<\/p>\n\n\n\n<figure class=\"wp-block-gallery has-nested-images columns-default is-cropped wp-block-gallery-1 is-layout-flex wp-block-gallery-is-layout-flex\">\n<figure class=\"wp-block-image size-large\"><img fetchpriority=\"high\" decoding=\"async\" width=\"1024\" height=\"683\" data-id=\"1139\" src=\"https:\/\/vecinosdelinterior.com\/wp-content\/uploads\/2023\/12\/WhatsApp-Image-2023-12-13-at-14.33.29-1024x683.jpeg\" alt=\"\" class=\"wp-image-1139\" srcset=\"https:\/\/vecinosdelinterior.com\/wp-content\/uploads\/2023\/12\/WhatsApp-Image-2023-12-13-at-14.33.29-1024x683.jpeg 1024w, https:\/\/vecinosdelinterior.com\/wp-content\/uploads\/2023\/12\/WhatsApp-Image-2023-12-13-at-14.33.29-300x200.jpeg 300w, https:\/\/vecinosdelinterior.com\/wp-content\/uploads\/2023\/12\/WhatsApp-Image-2023-12-13-at-14.33.29-768x512.jpeg 768w, https:\/\/vecinosdelinterior.com\/wp-content\/uploads\/2023\/12\/WhatsApp-Image-2023-12-13-at-14.33.29-750x500.jpeg 750w, https:\/\/vecinosdelinterior.com\/wp-content\/uploads\/2023\/12\/WhatsApp-Image-2023-12-13-at-14.33.29-1140x760.jpeg 1140w, https:\/\/vecinosdelinterior.com\/wp-content\/uploads\/2023\/12\/WhatsApp-Image-2023-12-13-at-14.33.29.jpeg 1200w\" sizes=\"(max-width: 1024px) 100vw, 1024px\" \/><\/figure>\n\n\n\n<figure class=\"wp-block-image size-large\"><img decoding=\"async\" width=\"1024\" height=\"683\" data-id=\"1140\" src=\"https:\/\/vecinosdelinterior.com\/wp-content\/uploads\/2023\/12\/WhatsApp-Image-2023-12-13-at-14.33.29-1-1024x683.jpeg\" alt=\"\" class=\"wp-image-1140\" srcset=\"https:\/\/vecinosdelinterior.com\/wp-content\/uploads\/2023\/12\/WhatsApp-Image-2023-12-13-at-14.33.29-1-1024x683.jpeg 1024w, https:\/\/vecinosdelinterior.com\/wp-content\/uploads\/2023\/12\/WhatsApp-Image-2023-12-13-at-14.33.29-1-300x200.jpeg 300w, https:\/\/vecinosdelinterior.com\/wp-content\/uploads\/2023\/12\/WhatsApp-Image-2023-12-13-at-14.33.29-1-768x512.jpeg 768w, https:\/\/vecinosdelinterior.com\/wp-content\/uploads\/2023\/12\/WhatsApp-Image-2023-12-13-at-14.33.29-1-750x500.jpeg 750w, https:\/\/vecinosdelinterior.com\/wp-content\/uploads\/2023\/12\/WhatsApp-Image-2023-12-13-at-14.33.29-1-1140x760.jpeg 1140w, https:\/\/vecinosdelinterior.com\/wp-content\/uploads\/2023\/12\/WhatsApp-Image-2023-12-13-at-14.33.29-1.jpeg 1200w\" sizes=\"(max-width: 1024px) 100vw, 1024px\" \/><\/figure>\n<\/figure>\n","protected":false},"excerpt":{"rendered":"<p>El personal de la Direcci\u00f3n de Gesti\u00f3n y Prevenci\u00f3n de las Emergencias del Ministerio de Seguridad se moviliz\u00f3 r\u00e1pidamente para colaborar en las labores de recuperaci\u00f3n de m\u00e1s de 20 viviendas afectadas. Durante las primeras horas de la madrugada de este mi\u00e9rcoles, Villa Larca, en el departamento Chacabuco, fue azotada por un temporal que se [&hellip;]<\/p>\n","protected":false},"author":1,"featured_media":1139,"comment_status":"open","ping_status":"open","sticky":false,"template":"","format":"standard","meta":{"footnotes":""},"categories":[89],"tags":[],"class_list":["post-1138","post","type-post","status-publish","format-standard","has-post-thumbnail","hentry","category-villa-larca"],"_links":{"self":[{"href":"https:\/\/vecinosdelinterior.com\/index.php\/wp-json\/wp\/v2\/posts\/1138","targetHints":{"allow":["GET"]}}],"collection":[{"href":"https:\/\/vecinosdelinterior.com\/index.php\/wp-json\/wp\/v2\/posts"}],"about":[{"href":"https:\/\/vecinosdelinterior.com\/index.php\/wp-json\/wp\/v2\/types\/post"}],"author":[{"embeddable":true,"href":"https:\/\/vecinosdelinterior.com\/index.php\/wp-json\/wp\/v2\/users\/1"}],"replies":[{"embeddable":true,"href":"https:\/\/vecinosdelinterior.com\/index.php\/wp-json\/wp\/v2\/comments?post=1138"}],"version-history":[{"count":1,"href":"https:\/\/vecinosdelinterior.com\/index.php\/wp-json\/wp\/v2\/posts\/1138\/revisions"}],"predecessor-version":[{"id":1141,"href":"https:\/\/vecinosdelinterior.com\/index.php\/wp-json\/wp\/v2\/posts\/1138\/revisions\/1141"}],"wp:featuredmedia":[{"embeddable":true,"href":"https:\/\/vecinosdelinterior.com\/index.php\/wp-json\/wp\/v2\/media\/1139"}],"wp:attachment":[{"href":"https:\/\/vecinosdelinterior.com\/index.php\/wp-json\/wp\/v2\/media?parent=1138"}],"wp:term":[{"taxonomy":"category","embeddable":true,"href":"https:\/\/vecinosdelinterior.com\/index.php\/wp-json\/wp\/v2\/categories?post=1138"},{"taxonomy":"post_tag","embeddable":true,"href":"https:\/\/vecinosdelinterior.com\/index.php\/wp-json\/wp\/v2\/tags?post=1138"}],"curies":[{"name":"wp","href":"https:\/\/api.w.org\/{rel}","templated":true}]}}