{"id":1156,"date":"2023-12-21T09:41:53","date_gmt":"2023-12-21T12:41:53","guid":{"rendered":"https:\/\/vecinosdelinterior.com\/?p=1156"},"modified":"2023-12-21T09:41:53","modified_gmt":"2023-12-21T12:41:53","slug":"sofocaron-un-incendio-en-la-zona-franca-de-justo-daract-pero-hay-grandes-perdidas-materiales","status":"publish","type":"post","link":"https:\/\/vecinosdelinterior.com\/index.php\/2023\/12\/21\/sofocaron-un-incendio-en-la-zona-franca-de-justo-daract-pero-hay-grandes-perdidas-materiales\/","title":{"rendered":"Sofocaron un incendio en la Zona Franca de Justo Daract, pero hay grandes p\u00e9rdidas materiales"},"content":{"rendered":"\n<p><br>Durante la madrugada se detect\u00f3 fuego en el galp\u00f3n N\u00ba3 del predio de la Zona Franca de Justo Daract. Las llamas avanzaron r\u00e1pidamente y consumieron los elementos que se encontraban en el interior, que eran parte del stock de producci\u00f3n de varias empresas.<\/p>\n\n\n\n<p>El secretario de Actividades Log\u00edsticas, Harold Bridger, inform\u00f3 que aproximadamente a las 3:30 de la madrugada de este mi\u00e9rcoles tomaron conocimiento de un principio de incendio en uno de los siete galpones de la Zona Franca de Justo Daract, especialmente el N\u00ba 3. El mismo fue sofocado aproximadamente a las 8:00. En la investigaci\u00f3n intervienen la Justicia y la Polic\u00eda Federal por tratarse de una zona de tr\u00e1nsito federal.<\/p>\n\n\n\n<p>\u201cInmediatamente se dio aviso a los bomberos y me dirig\u00ed al lugar para interiorizarme de la situaci\u00f3n. Con el correr de los minutos el fuego avanz\u00f3 y tom\u00f3 la totalidad del galp\u00f3n, que qued\u00f3 destrozado\u201d, indic\u00f3 el funcionario, y agreg\u00f3 que en el interior del edificio hab\u00eda maquinaria y stock de varias empresas, principalmente discos de corte y cubiertas de m\u00e1quinas viales, las que se cree pudieron acelerar el incendio.<\/p>\n\n\n\n<figure class=\"wp-block-image size-full\"><img fetchpriority=\"high\" decoding=\"async\" width=\"550\" height=\"413\" src=\"https:\/\/vecinosdelinterior.com\/wp-content\/uploads\/2023\/12\/incendio-zona-franca.webp\" alt=\"\" class=\"wp-image-1158\" srcset=\"https:\/\/vecinosdelinterior.com\/wp-content\/uploads\/2023\/12\/incendio-zona-franca.webp 550w, https:\/\/vecinosdelinterior.com\/wp-content\/uploads\/2023\/12\/incendio-zona-franca-300x225.webp 300w\" sizes=\"(max-width: 550px) 100vw, 550px\" \/><\/figure>\n\n\n\n<p>En el lugar actuaron bomberos voluntarios de Justo Daract y de Villa Mercedes quienes lograron sofocar el fuego aproximadamente a las 8:00. En lo que respecta a la investigaci\u00f3n, para determinar la causa del incendio se dio intervenci\u00f3n a la Polic\u00eda Federal, a la Justicia Federal y a la Secretar\u00eda de \u00c9tica P\u00fablica y Control de Gesti\u00f3n de la Provincia. \u201cEs importante determinar la causa del fuego, c\u00f3mo y por qu\u00e9 comenz\u00f3\u201d, enfatiz\u00f3 Bridger, quien estim\u00f3 que los peritos podr\u00e1n comenzar a trabajar una vez que la zona se enfr\u00ede.(La Gaceta D)<\/p>\n","protected":false},"excerpt":{"rendered":"<p>Durante la madrugada se detect\u00f3 fuego en el galp\u00f3n N\u00ba3 del predio de la Zona Franca de Justo Daract. Las llamas avanzaron r\u00e1pidamente y consumieron los elementos que se encontraban en el interior, que eran parte del stock de producci\u00f3n de varias empresas. El secretario de Actividades Log\u00edsticas, Harold Bridger, inform\u00f3 que aproximadamente a las [&hellip;]<\/p>\n","protected":false},"author":1,"featured_media":1157,"comment_status":"open","ping_status":"open","sticky":false,"template":"","format":"standard","meta":{"footnotes":""},"categories":[127],"tags":[77,130],"class_list":["post-1156","post","type-post","status-publish","format-standard","has-post-thumbnail","hentry","category-justo-daract","tag-incendio","tag-justo-daract"],"_links":{"self":[{"href":"https:\/\/vecinosdelinterior.com\/index.php\/wp-json\/wp\/v2\/posts\/1156","targetHints":{"allow":["GET"]}}],"collection":[{"href":"https:\/\/vecinosdelinterior.com\/index.php\/wp-json\/wp\/v2\/posts"}],"about":[{"href":"https:\/\/vecinosdelinterior.com\/index.php\/wp-json\/wp\/v2\/types\/post"}],"author":[{"embeddable":true,"href":"https:\/\/vecinosdelinterior.com\/index.php\/wp-json\/wp\/v2\/users\/1"}],"replies":[{"embeddable":true,"href":"https:\/\/vecinosdelinterior.com\/index.php\/wp-json\/wp\/v2\/comments?post=1156"}],"version-history":[{"count":1,"href":"https:\/\/vecinosdelinterior.com\/index.php\/wp-json\/wp\/v2\/posts\/1156\/revisions"}],"predecessor-version":[{"id":1159,"href":"https:\/\/vecinosdelinterior.com\/index.php\/wp-json\/wp\/v2\/posts\/1156\/revisions\/1159"}],"wp:featuredmedia":[{"embeddable":true,"href":"https:\/\/vecinosdelinterior.com\/index.php\/wp-json\/wp\/v2\/media\/1157"}],"wp:attachment":[{"href":"https:\/\/vecinosdelinterior.com\/index.php\/wp-json\/wp\/v2\/media?parent=1156"}],"wp:term":[{"taxonomy":"category","embeddable":true,"href":"https:\/\/vecinosdelinterior.com\/index.php\/wp-json\/wp\/v2\/categories?post=1156"},{"taxonomy":"post_tag","embeddable":true,"href":"https:\/\/vecinosdelinterior.com\/index.php\/wp-json\/wp\/v2\/tags?post=1156"}],"curies":[{"name":"wp","href":"https:\/\/api.w.org\/{rel}","templated":true}]}}