{"id":1165,"date":"2023-12-21T19:56:04","date_gmt":"2023-12-21T22:56:04","guid":{"rendered":"https:\/\/vecinosdelinterior.com\/?p=1165"},"modified":"2023-12-21T19:56:04","modified_gmt":"2023-12-21T22:56:04","slug":"merlo-el-concejo-aprobo-la-nueva-tarifa-de-300-para-el-transporte-publico-de-pasajeros","status":"publish","type":"post","link":"https:\/\/vecinosdelinterior.com\/index.php\/2023\/12\/21\/merlo-el-concejo-aprobo-la-nueva-tarifa-de-300-para-el-transporte-publico-de-pasajeros\/","title":{"rendered":"Merlo: el Concejo aprob\u00f3 la nueva tarifa de $300 para el transporte p\u00fablico de pasajeros"},"content":{"rendered":"\n<p><\/p>\n\n\n\n<p>El Concejo Deliberante aprob\u00f3 por unanimidad este martes el aumento de la tarifa del Servicio de Transporte P\u00fablico de Pasajeros de Villa de Merlo. A partir de la homologaci\u00f3n del Ejecutivo, el boleto \u00fanico se incrementar\u00e1 en un 50%, por lo que pasar\u00e1 de $200 a $300 en cualquiera de los recorridos.<\/p>\n\n\n\n<p>El boleto de pasajero frecuente (20 unidades m\u00ednimo) costar\u00e1 ahora $210 (antes val\u00eda $160); se mantiene en $120 el boleto educativo; y sigue siendo sin costo el pasaje para personas con discapacidad.<\/p>\n\n\n\n<p>Leo Rodr\u00edguez, presidente del Concejo Deliberante, explic\u00f3 que este aumento \u201ces necesario para sostener la viabilidad financiera de la empresa de transporte urbano, la que argumenta la falta de rentabilidad como una preocupaci\u00f3n constante. Aunque se reconoce que los aumentos son una respuesta a esta necesidad, adem\u00e1s la inflaci\u00f3n interanual supera los aumentos del transporte. Y se suma a la quita de subsidios\u201d.<\/p>\n\n\n\n<p>Tambi\u00e9n mencion\u00f3 que el boleto obrero, que es el mismo que el boleto general, pero se adquiere en bloques de 20, se mantiene en 250 pesos.<\/p>\n\n\n\n<p>Adem\u00e1s, se inform\u00f3 que el boleto escolar se congel\u00f3 temporalmente debido a la falta de clases desde ahora hasta marzo. La evaluaci\u00f3n de su tarifa se pospondr\u00e1 hasta que se reanuden las clases en marzo.<\/p>\n\n\n\n<p>El a\u00f1o que viene los ediles considerar\u00e1n si es necesario un aumento o si se prefiere mantener la tarifa actual para garantizar que los estudiantes puedan acceder a la escuela sin dificultades econ\u00f3micas.<\/p>\n\n\n\n<p><\/p>\n","protected":false},"excerpt":{"rendered":"<p>El Concejo Deliberante aprob\u00f3 por unanimidad este martes el aumento de la tarifa del Servicio de Transporte P\u00fablico de Pasajeros de Villa de Merlo. A partir de la homologaci\u00f3n del Ejecutivo, el boleto \u00fanico se incrementar\u00e1 en un 50%, por lo que pasar\u00e1 de $200 a $300 en cualquiera de los recorridos. El boleto de [&hellip;]<\/p>\n","protected":false},"author":1,"featured_media":1166,"comment_status":"open","ping_status":"open","sticky":false,"template":"","format":"standard","meta":{"footnotes":""},"categories":[73],"tags":[311,312],"class_list":["post-1165","post","type-post","status-publish","format-standard","has-post-thumbnail","hentry","category-merlo","tag-aumento","tag-transporte"],"_links":{"self":[{"href":"https:\/\/vecinosdelinterior.com\/index.php\/wp-json\/wp\/v2\/posts\/1165","targetHints":{"allow":["GET"]}}],"collection":[{"href":"https:\/\/vecinosdelinterior.com\/index.php\/wp-json\/wp\/v2\/posts"}],"about":[{"href":"https:\/\/vecinosdelinterior.com\/index.php\/wp-json\/wp\/v2\/types\/post"}],"author":[{"embeddable":true,"href":"https:\/\/vecinosdelinterior.com\/index.php\/wp-json\/wp\/v2\/users\/1"}],"replies":[{"embeddable":true,"href":"https:\/\/vecinosdelinterior.com\/index.php\/wp-json\/wp\/v2\/comments?post=1165"}],"version-history":[{"count":1,"href":"https:\/\/vecinosdelinterior.com\/index.php\/wp-json\/wp\/v2\/posts\/1165\/revisions"}],"predecessor-version":[{"id":1167,"href":"https:\/\/vecinosdelinterior.com\/index.php\/wp-json\/wp\/v2\/posts\/1165\/revisions\/1167"}],"wp:featuredmedia":[{"embeddable":true,"href":"https:\/\/vecinosdelinterior.com\/index.php\/wp-json\/wp\/v2\/media\/1166"}],"wp:attachment":[{"href":"https:\/\/vecinosdelinterior.com\/index.php\/wp-json\/wp\/v2\/media?parent=1165"}],"wp:term":[{"taxonomy":"category","embeddable":true,"href":"https:\/\/vecinosdelinterior.com\/index.php\/wp-json\/wp\/v2\/categories?post=1165"},{"taxonomy":"post_tag","embeddable":true,"href":"https:\/\/vecinosdelinterior.com\/index.php\/wp-json\/wp\/v2\/tags?post=1165"}],"curies":[{"name":"wp","href":"https:\/\/api.w.org\/{rel}","templated":true}]}}