{"id":1198,"date":"2023-12-31T19:02:31","date_gmt":"2023-12-31T22:02:31","guid":{"rendered":"https:\/\/vecinosdelinterior.com\/?p=1198"},"modified":"2023-12-31T19:02:33","modified_gmt":"2023-12-31T22:02:33","slug":"el-caps-de-fraga-realizo-el-cierre-anual-de-su-taller-de-habitos-saludables-para-ninos","status":"publish","type":"post","link":"https:\/\/vecinosdelinterior.com\/index.php\/2023\/12\/31\/el-caps-de-fraga-realizo-el-cierre-anual-de-su-taller-de-habitos-saludables-para-ninos\/","title":{"rendered":"El CAPS de Fraga realiz\u00f3 el cierre anual de su taller de h\u00e1bitos saludables para ni\u00f1os"},"content":{"rendered":"\n<p>Busca promover un mejor desarrollo f\u00edsico y mental en los chicos, que trabajan con profesionales en kinesiolog\u00eda y nutrici\u00f3n.<\/p>\n\n\n\n<p>Desde hace dos a\u00f1os, en Fraga llevan adelante un taller de h\u00e1bitos saludables para ni\u00f1os, que promueve el bienestar f\u00edsico y mental. En 2023 el grupo estuvo conformado por 10 chicos de entre 5 y 12 a\u00f1os que se reunieron cada quince d\u00edas en el centro de salud para participar de diferentes actividades organizadas por un equipo interdisciplinario de profesionales de los servicios de Kinesiolog\u00eda y Nutrici\u00f3n.<\/p>\n\n\n\n<p>Se realizaron ejercicios f\u00edsicos, clases de preparaci\u00f3n de alimentos y charlas sobre buenos h\u00e1bitos alimenticios. Adem\u00e1s, el servicio de Pediatr\u00eda se encarg\u00f3 de llevar adelante un seguimiento diario a cada uno de los j\u00f3venes que asisti\u00f3 al taller.<\/p>\n","protected":false},"excerpt":{"rendered":"<p>Busca promover un mejor desarrollo f\u00edsico y mental en los chicos, que trabajan con profesionales en kinesiolog\u00eda y nutrici\u00f3n. Desde hace dos a\u00f1os, en Fraga llevan adelante un taller de h\u00e1bitos saludables para ni\u00f1os, que promueve el bienestar f\u00edsico y mental. En 2023 el grupo estuvo conformado por 10 chicos de entre 5 y 12 [&hellip;]<\/p>\n","protected":false},"author":1,"featured_media":1199,"comment_status":"open","ping_status":"open","sticky":false,"template":"","format":"standard","meta":{"footnotes":""},"categories":[318],"tags":[321],"class_list":["post-1198","post","type-post","status-publish","format-standard","has-post-thumbnail","hentry","category-fraga","tag-caps-de-fraga"],"_links":{"self":[{"href":"https:\/\/vecinosdelinterior.com\/index.php\/wp-json\/wp\/v2\/posts\/1198","targetHints":{"allow":["GET"]}}],"collection":[{"href":"https:\/\/vecinosdelinterior.com\/index.php\/wp-json\/wp\/v2\/posts"}],"about":[{"href":"https:\/\/vecinosdelinterior.com\/index.php\/wp-json\/wp\/v2\/types\/post"}],"author":[{"embeddable":true,"href":"https:\/\/vecinosdelinterior.com\/index.php\/wp-json\/wp\/v2\/users\/1"}],"replies":[{"embeddable":true,"href":"https:\/\/vecinosdelinterior.com\/index.php\/wp-json\/wp\/v2\/comments?post=1198"}],"version-history":[{"count":1,"href":"https:\/\/vecinosdelinterior.com\/index.php\/wp-json\/wp\/v2\/posts\/1198\/revisions"}],"predecessor-version":[{"id":1200,"href":"https:\/\/vecinosdelinterior.com\/index.php\/wp-json\/wp\/v2\/posts\/1198\/revisions\/1200"}],"wp:featuredmedia":[{"embeddable":true,"href":"https:\/\/vecinosdelinterior.com\/index.php\/wp-json\/wp\/v2\/media\/1199"}],"wp:attachment":[{"href":"https:\/\/vecinosdelinterior.com\/index.php\/wp-json\/wp\/v2\/media?parent=1198"}],"wp:term":[{"taxonomy":"category","embeddable":true,"href":"https:\/\/vecinosdelinterior.com\/index.php\/wp-json\/wp\/v2\/categories?post=1198"},{"taxonomy":"post_tag","embeddable":true,"href":"https:\/\/vecinosdelinterior.com\/index.php\/wp-json\/wp\/v2\/tags?post=1198"}],"curies":[{"name":"wp","href":"https:\/\/api.w.org\/{rel}","templated":true}]}}