{"id":1205,"date":"2024-01-02T12:23:05","date_gmt":"2024-01-02T15:23:05","guid":{"rendered":"https:\/\/vecinosdelinterior.com\/?p=1205"},"modified":"2024-01-02T12:23:05","modified_gmt":"2024-01-02T15:23:05","slug":"todo-listo-para-la-23a-edicion-del-festival-del-turismo-de-la-costa-de-los-comechingones","status":"publish","type":"post","link":"https:\/\/vecinosdelinterior.com\/index.php\/2024\/01\/02\/todo-listo-para-la-23a-edicion-del-festival-del-turismo-de-la-costa-de-los-comechingones\/","title":{"rendered":"Todo listo para la 23\u00aa edici\u00f3n del Festival del Turismo de la Costa de los Comechingones"},"content":{"rendered":"\n<p>Este viernes 5 de enero dar\u00e1 inicio una nueva edici\u00f3n de la tradicional fiesta estival en Cortaderas. El evento se desarrollar\u00e1 a partir de las 21:00 en el Club Juventud y contar\u00e1 con la presencia de artistas locales y nacionales.<\/p>\n\n\n\n<p>Con una grilla que promete hacer vibrar a los amantes de la m\u00fasica folkl\u00f3rica y el cuarteto, ya est\u00e1 todo listo para disfrutar de la 23\u00aa edici\u00f3n del Festival del Turismo de la Costa de Los Comechingones. Para esta ocasi\u00f3n se prepar\u00f3 una amplia grilla de artistas locales, entre los que se encuentran los ballets Tinkuy, Kausani y Camiare, Las Voces del Imperio, Luciano Ch\u00e1vez, Laura Ludue\u00f1a y Mart\u00edn Aldasoro, La Pichuquera, Lucho y La M\u00e1s Popular, Franco Pinto, Jos\u00e9 Luis y La Cero.<\/p>\n\n\n\n<p>Como n\u00fameros centrales se presentar\u00e1n el reconocido folclorista Facundo Toro y el popular grupo de cuarteto Q\u2019Lokura.<\/p>\n\n\n\n<p>El Club Juventud ser\u00e1 la sede del Festival. Las entradas generales tienen un costo de $4.000 y se pueden adquirir en las oficinas de turismo de Papagayos, Cortaderas, Carpinter\u00eda, Villa Larca, Los Molles y Villa de Merlo. Menores de 12 a\u00f1os ingresan gratis.<\/p>\n\n\n\n<p>La municipalidad de Cortaderas, organizadora del evento, inform\u00f3 que no se permitir\u00e1 el ingreso con conservadoras al predio.<\/p>\n\n\n\n<figure class=\"wp-block-image size-full\"><img fetchpriority=\"high\" decoding=\"async\" width=\"630\" height=\"297\" src=\"https:\/\/vecinosdelinterior.com\/wp-content\/uploads\/2024\/01\/IMG_2960-2-630x297-1.jpg\" alt=\"\" class=\"wp-image-1206\" srcset=\"https:\/\/vecinosdelinterior.com\/wp-content\/uploads\/2024\/01\/IMG_2960-2-630x297-1.jpg 630w, https:\/\/vecinosdelinterior.com\/wp-content\/uploads\/2024\/01\/IMG_2960-2-630x297-1-300x141.jpg 300w\" sizes=\"(max-width: 630px) 100vw, 630px\" \/><\/figure>\n","protected":false},"excerpt":{"rendered":"<p>Este viernes 5 de enero dar\u00e1 inicio una nueva edici\u00f3n de la tradicional fiesta estival en Cortaderas. El evento se desarrollar\u00e1 a partir de las 21:00 en el Club Juventud y contar\u00e1 con la presencia de artistas locales y nacionales. Con una grilla que promete hacer vibrar a los amantes de la m\u00fasica folkl\u00f3rica y [&hellip;]<\/p>\n","protected":false},"author":1,"featured_media":1206,"comment_status":"open","ping_status":"open","sticky":false,"template":"","format":"standard","meta":{"footnotes":""},"categories":[23,73],"tags":[322],"class_list":["post-1205","post","type-post","status-publish","format-standard","has-post-thumbnail","hentry","category-junin","category-merlo","tag-23a-edicion-del-festival-del-turismo-de-la-costa-de-los-comechingones"],"_links":{"self":[{"href":"https:\/\/vecinosdelinterior.com\/index.php\/wp-json\/wp\/v2\/posts\/1205","targetHints":{"allow":["GET"]}}],"collection":[{"href":"https:\/\/vecinosdelinterior.com\/index.php\/wp-json\/wp\/v2\/posts"}],"about":[{"href":"https:\/\/vecinosdelinterior.com\/index.php\/wp-json\/wp\/v2\/types\/post"}],"author":[{"embeddable":true,"href":"https:\/\/vecinosdelinterior.com\/index.php\/wp-json\/wp\/v2\/users\/1"}],"replies":[{"embeddable":true,"href":"https:\/\/vecinosdelinterior.com\/index.php\/wp-json\/wp\/v2\/comments?post=1205"}],"version-history":[{"count":1,"href":"https:\/\/vecinosdelinterior.com\/index.php\/wp-json\/wp\/v2\/posts\/1205\/revisions"}],"predecessor-version":[{"id":1207,"href":"https:\/\/vecinosdelinterior.com\/index.php\/wp-json\/wp\/v2\/posts\/1205\/revisions\/1207"}],"wp:featuredmedia":[{"embeddable":true,"href":"https:\/\/vecinosdelinterior.com\/index.php\/wp-json\/wp\/v2\/media\/1206"}],"wp:attachment":[{"href":"https:\/\/vecinosdelinterior.com\/index.php\/wp-json\/wp\/v2\/media?parent=1205"}],"wp:term":[{"taxonomy":"category","embeddable":true,"href":"https:\/\/vecinosdelinterior.com\/index.php\/wp-json\/wp\/v2\/categories?post=1205"},{"taxonomy":"post_tag","embeddable":true,"href":"https:\/\/vecinosdelinterior.com\/index.php\/wp-json\/wp\/v2\/tags?post=1205"}],"curies":[{"name":"wp","href":"https:\/\/api.w.org\/{rel}","templated":true}]}}