{"id":1208,"date":"2024-01-02T20:11:44","date_gmt":"2024-01-02T23:11:44","guid":{"rendered":"https:\/\/vecinosdelinterior.com\/?p=1208"},"modified":"2024-01-02T20:11:44","modified_gmt":"2024-01-02T23:11:44","slug":"santa-rosa-vibrara-al-ritmo-del-folclore-en-el-festival-del-rio-conlara","status":"publish","type":"post","link":"https:\/\/vecinosdelinterior.com\/index.php\/2024\/01\/02\/santa-rosa-vibrara-al-ritmo-del-folclore-en-el-festival-del-rio-conlara\/","title":{"rendered":"Santa Rosa vibrar\u00e1 al ritmo del folclore en el Festival del R\u00edo Conlara"},"content":{"rendered":"\n<p>El pr\u00f3ximo 6 de enero se llevar\u00e1 a cabo la 31\u00b0 edici\u00f3n del tradicional evento, uno de los m\u00e1s esperados de la regi\u00f3n. Se realizar\u00e1 a partir de las 22:00 en el balneario municipal de la localidad del departamento Jun\u00edn.<\/p>\n\n\n\n<p>Santa Rosa ya prepara su gran fiesta anual con el Festival del R\u00edo Conlara. La grilla contempla la participaci\u00f3n de destacados artistas locales y nacionales. La apertura estar\u00e1 a cargo de las academias de danzas de la zona, luego habr\u00e1 un tributo a Los Cantores del Alba y un show de humor y m\u00fasica con \u201cTurr\u00f3n\u201d Ju\u00e1rez.<\/p>\n\n\n\n<p>Uno de los n\u00fameros centrales de la noche ser\u00e1 la presentaci\u00f3n del ex vocalista de Los Huayra, Juan Fuentes, quien traer\u00e1 su espect\u00e1culo solista desde Salta. El broche de oro lo pondr\u00e1 Tradici\u00f3n Chamamecera con un repertorio litorale\u00f1o.<\/p>\n\n\n\n<p>El evento, que tendr\u00e1 como sede el escenario mayor Polo Godoy Rojo, ser\u00e1 dirigido por Miguel Figueroa y Walter Godoy.<\/p>\n\n\n\n<p>La entrada es libre y gratuita y lo \u00fanico que se cobrar\u00e1 es el estacionamiento. Estar\u00e1 prohibido el ingreso con conservadoras, pero habr\u00e1 servicio de buffet y patio de artesanos.<\/p>\n\n\n\n<figure class=\"wp-block-image size-full\"><img fetchpriority=\"high\" decoding=\"async\" width=\"812\" height=\"541\" src=\"https:\/\/vecinosdelinterior.com\/wp-content\/uploads\/2024\/01\/416120379_773118028180452_6969492631972574879_n-1.jpg\" alt=\"\" class=\"wp-image-1209\" srcset=\"https:\/\/vecinosdelinterior.com\/wp-content\/uploads\/2024\/01\/416120379_773118028180452_6969492631972574879_n-1.jpg 812w, https:\/\/vecinosdelinterior.com\/wp-content\/uploads\/2024\/01\/416120379_773118028180452_6969492631972574879_n-1-300x200.jpg 300w, https:\/\/vecinosdelinterior.com\/wp-content\/uploads\/2024\/01\/416120379_773118028180452_6969492631972574879_n-1-768x512.jpg 768w, https:\/\/vecinosdelinterior.com\/wp-content\/uploads\/2024\/01\/416120379_773118028180452_6969492631972574879_n-1-750x500.jpg 750w\" sizes=\"(max-width: 812px) 100vw, 812px\" \/><\/figure>\n","protected":false},"excerpt":{"rendered":"<p>El pr\u00f3ximo 6 de enero se llevar\u00e1 a cabo la 31\u00b0 edici\u00f3n del tradicional evento, uno de los m\u00e1s esperados de la regi\u00f3n. Se realizar\u00e1 a partir de las 22:00 en el balneario municipal de la localidad del departamento Jun\u00edn. Santa Rosa ya prepara su gran fiesta anual con el Festival del R\u00edo Conlara. La [&hellip;]<\/p>\n","protected":false},"author":1,"featured_media":1209,"comment_status":"open","ping_status":"open","sticky":false,"template":"","format":"standard","meta":{"footnotes":""},"categories":[45],"tags":[323],"class_list":["post-1208","post","type-post","status-publish","format-standard","has-post-thumbnail","hentry","category-santa-rosa-del-conlara","tag-balneario-de-santa-rosa"],"_links":{"self":[{"href":"https:\/\/vecinosdelinterior.com\/index.php\/wp-json\/wp\/v2\/posts\/1208","targetHints":{"allow":["GET"]}}],"collection":[{"href":"https:\/\/vecinosdelinterior.com\/index.php\/wp-json\/wp\/v2\/posts"}],"about":[{"href":"https:\/\/vecinosdelinterior.com\/index.php\/wp-json\/wp\/v2\/types\/post"}],"author":[{"embeddable":true,"href":"https:\/\/vecinosdelinterior.com\/index.php\/wp-json\/wp\/v2\/users\/1"}],"replies":[{"embeddable":true,"href":"https:\/\/vecinosdelinterior.com\/index.php\/wp-json\/wp\/v2\/comments?post=1208"}],"version-history":[{"count":1,"href":"https:\/\/vecinosdelinterior.com\/index.php\/wp-json\/wp\/v2\/posts\/1208\/revisions"}],"predecessor-version":[{"id":1210,"href":"https:\/\/vecinosdelinterior.com\/index.php\/wp-json\/wp\/v2\/posts\/1208\/revisions\/1210"}],"wp:featuredmedia":[{"embeddable":true,"href":"https:\/\/vecinosdelinterior.com\/index.php\/wp-json\/wp\/v2\/media\/1209"}],"wp:attachment":[{"href":"https:\/\/vecinosdelinterior.com\/index.php\/wp-json\/wp\/v2\/media?parent=1208"}],"wp:term":[{"taxonomy":"category","embeddable":true,"href":"https:\/\/vecinosdelinterior.com\/index.php\/wp-json\/wp\/v2\/categories?post=1208"},{"taxonomy":"post_tag","embeddable":true,"href":"https:\/\/vecinosdelinterior.com\/index.php\/wp-json\/wp\/v2\/tags?post=1208"}],"curies":[{"name":"wp","href":"https:\/\/api.w.org\/{rel}","templated":true}]}}