{"id":1214,"date":"2024-01-03T17:37:16","date_gmt":"2024-01-03T20:37:16","guid":{"rendered":"https:\/\/vecinosdelinterior.com\/?p=1214"},"modified":"2024-01-03T17:37:16","modified_gmt":"2024-01-03T20:37:16","slug":"se-viene-el-31-festival-del-oro-y-el-agua-en-la-carolina","status":"publish","type":"post","link":"https:\/\/vecinosdelinterior.com\/index.php\/2024\/01\/03\/se-viene-el-31-festival-del-oro-y-el-agua-en-la-carolina\/","title":{"rendered":"Se viene el 31\u00b0 Festival del Oro y el Agua en La Carolina"},"content":{"rendered":"\n<p>La Intendencia organiz\u00f3 distintas actividades para el viernes 5 y s\u00e1bado 6 de enero, con el plato fuerte iniciando a las 21:30, en el SUM municipal. Luis Soloa cantar\u00e1 el primer d\u00eda y Los Pasioneros en el cierre.<\/p>\n\n\n\n<p>La Carolina se prepara para vivir su tradicional festival veraniego, que se desarrollar\u00e1 este viernes y s\u00e1bado. El primer d\u00eda de la celebraci\u00f3n, subir\u00e1n al escenario los siguientes artistas: Ballet Nuestra Se\u00f1ora del Carmen, Pedro Men\u00e9ndez, Bruno Garro, Ballet Virgen del Valle, Oriana P\u00e9rez, Las Voces del Roc\u00edo, Daniela Calder\u00f3n, Los Ortiz, Sangre Norte\u00f1a, Los 3 Amigos del Chamam\u00e9 y Jorgito y sus Muchachos. Luis Soloa ser\u00e1 el encargado de cerrar la jornada del viernes.<\/p>\n\n\n\n<p>El s\u00e1bado se presentar\u00e1n Ballet Nuestra Se\u00f1ora del Carmen, Ballet Virgen del Valle, Los Cantores del Manantial, Los Camargo, Savia Nuestra, Los Sanfra, ADN Folklore, La Cuerda, Favier Lagos y el ritmo tropical de Los Pasioneros.<\/p>\n\n\n\n<p>En paralelo se desarrollar\u00e1 la \u201cPe\u00f1a del Festival\u201d, en la carpa gastron\u00f3mica, con destacados artistas locales.<\/p>\n\n\n\n<p>Las entradas para los shows en el SUM ser\u00e1 de $1000 por persona.<\/p>\n\n\n\n<p>Colores en las Sierras: Muralismo comunitario en el Museo de la Poes\u00eda<\/p>\n\n\n\n<p>Los d\u00edas 5 y 6 de enero, como parte del Festival Provincial del Oro y del Agua, en el predio cultural se realizar\u00e1 una actividad relacionada con el arte a cargo de la artista pl\u00e1stica Paola Ducculi.<\/p>\n\n\n\n<p>De manera libre y gratuita, ambos d\u00edas a partir de las 10:30, se desarrollar\u00e1 la pintada de un pared\u00f3n de cemento al aire libre. Se invita a la comunidad local y turistas a participar de la actividad con tem\u00e1tica libre y coordinada por la artista.<\/p>\n\n\n\n<p>La municipalidad de La Carolina brindar\u00e1 los materiales necesarios, mientras que los participantes solo deben llevar agua para hidratarse y muchas ganas de divertirse.<\/p>\n\n\n\n<p>Otras actividades para celebrar en uno de los pueblos m\u00e1s lindos del mundo<\/p>\n\n\n\n<p>El viernes tambi\u00e9n tendr\u00e1 lugar una feria de artesanos en la calle principal y un campeonato de f\u00fatbol masculino. El s\u00e1bado, en tanto, se repetir\u00e1 la feria de artesanos y se agregar\u00e1 un campeonato de f\u00fatbol femenino, carreras cuadreras en Inti Huasi, el desfile gaucho por las calles del pueblo y juegos infantiles y la llegada de los Reyes Magos en el Monumento al Minero.<\/p>\n","protected":false},"excerpt":{"rendered":"<p>La Intendencia organiz\u00f3 distintas actividades para el viernes 5 y s\u00e1bado 6 de enero, con el plato fuerte iniciando a las 21:30, en el SUM municipal. Luis Soloa cantar\u00e1 el primer d\u00eda y Los Pasioneros en el cierre. La Carolina se prepara para vivir su tradicional festival veraniego, que se desarrollar\u00e1 este viernes y s\u00e1bado. [&hellip;]<\/p>\n","protected":false},"author":1,"featured_media":1215,"comment_status":"open","ping_status":"open","sticky":false,"template":"","format":"standard","meta":{"footnotes":""},"categories":[112,2],"tags":[325],"class_list":["post-1214","post","type-post","status-publish","format-standard","has-post-thumbnail","hentry","category-la-carolina","category-pringles","tag-31-festival-del-oro-y-el-agua"],"_links":{"self":[{"href":"https:\/\/vecinosdelinterior.com\/index.php\/wp-json\/wp\/v2\/posts\/1214","targetHints":{"allow":["GET"]}}],"collection":[{"href":"https:\/\/vecinosdelinterior.com\/index.php\/wp-json\/wp\/v2\/posts"}],"about":[{"href":"https:\/\/vecinosdelinterior.com\/index.php\/wp-json\/wp\/v2\/types\/post"}],"author":[{"embeddable":true,"href":"https:\/\/vecinosdelinterior.com\/index.php\/wp-json\/wp\/v2\/users\/1"}],"replies":[{"embeddable":true,"href":"https:\/\/vecinosdelinterior.com\/index.php\/wp-json\/wp\/v2\/comments?post=1214"}],"version-history":[{"count":1,"href":"https:\/\/vecinosdelinterior.com\/index.php\/wp-json\/wp\/v2\/posts\/1214\/revisions"}],"predecessor-version":[{"id":1216,"href":"https:\/\/vecinosdelinterior.com\/index.php\/wp-json\/wp\/v2\/posts\/1214\/revisions\/1216"}],"wp:featuredmedia":[{"embeddable":true,"href":"https:\/\/vecinosdelinterior.com\/index.php\/wp-json\/wp\/v2\/media\/1215"}],"wp:attachment":[{"href":"https:\/\/vecinosdelinterior.com\/index.php\/wp-json\/wp\/v2\/media?parent=1214"}],"wp:term":[{"taxonomy":"category","embeddable":true,"href":"https:\/\/vecinosdelinterior.com\/index.php\/wp-json\/wp\/v2\/categories?post=1214"},{"taxonomy":"post_tag","embeddable":true,"href":"https:\/\/vecinosdelinterior.com\/index.php\/wp-json\/wp\/v2\/tags?post=1214"}],"curies":[{"name":"wp","href":"https:\/\/api.w.org\/{rel}","templated":true}]}}