{"id":1228,"date":"2024-01-06T18:14:00","date_gmt":"2024-01-06T21:14:00","guid":{"rendered":"https:\/\/vecinosdelinterior.com\/?p=1228"},"modified":"2024-01-07T12:16:16","modified_gmt":"2024-01-07T15:16:16","slug":"en-san-francisco-la-piedra-tambien-sorprendio","status":"publish","type":"post","link":"https:\/\/vecinosdelinterior.com\/index.php\/2024\/01\/06\/en-san-francisco-la-piedra-tambien-sorprendio\/","title":{"rendered":"En San Francisco, la piedra tambi\u00e9n sorprendi\u00f3"},"content":{"rendered":"\n<p>San Francisco del Monte de Oro tambi\u00e9n sufri\u00f3 del temporal de piedra y granizo, en una jornada que sorprendi\u00f3 en muchas localidades de San Luis.<\/p>\n\n\n\n<p><a href=\"https:\/\/www.facebook.com\/hashtag\/sanfranciscodelmontedeoro?__eep__=6&amp;__cft__[0]=AZUp-D6Tbqr-VzGlgoTCkr0id9h5_Z0SjXBsQZU_hD9FNgkJVcYIE3bCPdsJi3KLIMtO6l3WkVVdfCWC1M7k5GFT7eHpugQQk1EEijKJNmOHCIcfu5D7fZOTvrK1vcI1k1hxgMpuxTRf4vvlriRMH5b37gtnEva1PNNYBuSsySs2bEWke-2DjHpBy_K2PJGVtY8&amp;__tn__=*NK-R\">#sanfranciscodelmontedeoro<\/a><a href=\"https:\/\/www.facebook.com\/hashtag\/piedra?__eep__=6&amp;__cft__[0]=AZUp-D6Tbqr-VzGlgoTCkr0id9h5_Z0SjXBsQZU_hD9FNgkJVcYIE3bCPdsJi3KLIMtO6l3WkVVdfCWC1M7k5GFT7eHpugQQk1EEijKJNmOHCIcfu5D7fZOTvrK1vcI1k1hxgMpuxTRf4vvlriRMH5b37gtnEva1PNNYBuSsySs2bEWke-2DjHpBy_K2PJGVtY8&amp;__tn__=*NK-R\">#piedra<\/a><a href=\"https:\/\/www.facebook.com\/hashtag\/temporal?__eep__=6&amp;__cft__[0]=AZUp-D6Tbqr-VzGlgoTCkr0id9h5_Z0SjXBsQZU_hD9FNgkJVcYIE3bCPdsJi3KLIMtO6l3WkVVdfCWC1M7k5GFT7eHpugQQk1EEijKJNmOHCIcfu5D7fZOTvrK1vcI1k1hxgMpuxTRf4vvlriRMH5b37gtnEva1PNNYBuSsySs2bEWke-2DjHpBy_K2PJGVtY8&amp;__tn__=*NK-R\">#temporal<\/a><\/p>\n\n\n\n<figure class=\"wp-block-image size-large\"><img fetchpriority=\"high\" decoding=\"async\" width=\"1024\" height=\"768\" src=\"https:\/\/vecinosdelinterior.com\/wp-content\/uploads\/2024\/01\/069bd55b-3c73-46fc-bf6e-a09116f2672d-1024x768.jpg\" alt=\"\" class=\"wp-image-1229\" srcset=\"https:\/\/vecinosdelinterior.com\/wp-content\/uploads\/2024\/01\/069bd55b-3c73-46fc-bf6e-a09116f2672d-1024x768.jpg 1024w, https:\/\/vecinosdelinterior.com\/wp-content\/uploads\/2024\/01\/069bd55b-3c73-46fc-bf6e-a09116f2672d-300x225.jpg 300w, https:\/\/vecinosdelinterior.com\/wp-content\/uploads\/2024\/01\/069bd55b-3c73-46fc-bf6e-a09116f2672d-768x576.jpg 768w, https:\/\/vecinosdelinterior.com\/wp-content\/uploads\/2024\/01\/069bd55b-3c73-46fc-bf6e-a09116f2672d-750x563.jpg 750w, https:\/\/vecinosdelinterior.com\/wp-content\/uploads\/2024\/01\/069bd55b-3c73-46fc-bf6e-a09116f2672d-1140x855.jpg 1140w, https:\/\/vecinosdelinterior.com\/wp-content\/uploads\/2024\/01\/069bd55b-3c73-46fc-bf6e-a09116f2672d.jpg 1280w\" sizes=\"(max-width: 1024px) 100vw, 1024px\" \/><\/figure>\n\n\n\n<figure class=\"wp-block-image size-large\"><img decoding=\"async\" width=\"764\" height=\"1024\" src=\"https:\/\/vecinosdelinterior.com\/wp-content\/uploads\/2024\/01\/415512556_332055186463270_7929035530170782152_n-764x1024.jpg\" alt=\"\" class=\"wp-image-1230\" srcset=\"https:\/\/vecinosdelinterior.com\/wp-content\/uploads\/2024\/01\/415512556_332055186463270_7929035530170782152_n-764x1024.jpg 764w, https:\/\/vecinosdelinterior.com\/wp-content\/uploads\/2024\/01\/415512556_332055186463270_7929035530170782152_n-224x300.jpg 224w, https:\/\/vecinosdelinterior.com\/wp-content\/uploads\/2024\/01\/415512556_332055186463270_7929035530170782152_n-768x1029.jpg 768w, https:\/\/vecinosdelinterior.com\/wp-content\/uploads\/2024\/01\/415512556_332055186463270_7929035530170782152_n-1146x1536.jpg 1146w, https:\/\/vecinosdelinterior.com\/wp-content\/uploads\/2024\/01\/415512556_332055186463270_7929035530170782152_n-750x1005.jpg 750w, https:\/\/vecinosdelinterior.com\/wp-content\/uploads\/2024\/01\/415512556_332055186463270_7929035530170782152_n-1140x1527.jpg 1140w, https:\/\/vecinosdelinterior.com\/wp-content\/uploads\/2024\/01\/415512556_332055186463270_7929035530170782152_n.jpg 1504w\" sizes=\"(max-width: 764px) 100vw, 764px\" \/><\/figure>\n","protected":false},"excerpt":{"rendered":"<p>San Francisco del Monte de Oro tambi\u00e9n sufri\u00f3 del temporal de piedra y granizo, en una jornada que sorprendi\u00f3 en muchas localidades de San Luis. #sanfranciscodelmontedeoro#piedra#temporal<\/p>\n","protected":false},"author":1,"featured_media":1230,"comment_status":"open","ping_status":"open","sticky":false,"template":"","format":"standard","meta":{"footnotes":""},"categories":[9],"tags":[331,11,330],"class_list":["post-1228","post","type-post","status-publish","format-standard","has-post-thumbnail","hentry","category-san-francisco","tag-piedra","tag-san-francisco","tag-temporal"],"_links":{"self":[{"href":"https:\/\/vecinosdelinterior.com\/index.php\/wp-json\/wp\/v2\/posts\/1228","targetHints":{"allow":["GET"]}}],"collection":[{"href":"https:\/\/vecinosdelinterior.com\/index.php\/wp-json\/wp\/v2\/posts"}],"about":[{"href":"https:\/\/vecinosdelinterior.com\/index.php\/wp-json\/wp\/v2\/types\/post"}],"author":[{"embeddable":true,"href":"https:\/\/vecinosdelinterior.com\/index.php\/wp-json\/wp\/v2\/users\/1"}],"replies":[{"embeddable":true,"href":"https:\/\/vecinosdelinterior.com\/index.php\/wp-json\/wp\/v2\/comments?post=1228"}],"version-history":[{"count":1,"href":"https:\/\/vecinosdelinterior.com\/index.php\/wp-json\/wp\/v2\/posts\/1228\/revisions"}],"predecessor-version":[{"id":1231,"href":"https:\/\/vecinosdelinterior.com\/index.php\/wp-json\/wp\/v2\/posts\/1228\/revisions\/1231"}],"wp:featuredmedia":[{"embeddable":true,"href":"https:\/\/vecinosdelinterior.com\/index.php\/wp-json\/wp\/v2\/media\/1230"}],"wp:attachment":[{"href":"https:\/\/vecinosdelinterior.com\/index.php\/wp-json\/wp\/v2\/media?parent=1228"}],"wp:term":[{"taxonomy":"category","embeddable":true,"href":"https:\/\/vecinosdelinterior.com\/index.php\/wp-json\/wp\/v2\/categories?post=1228"},{"taxonomy":"post_tag","embeddable":true,"href":"https:\/\/vecinosdelinterior.com\/index.php\/wp-json\/wp\/v2\/tags?post=1228"}],"curies":[{"name":"wp","href":"https:\/\/api.w.org\/{rel}","templated":true}]}}