{"id":1240,"date":"2024-01-08T11:54:45","date_gmt":"2024-01-08T14:54:45","guid":{"rendered":"https:\/\/vecinosdelinterior.com\/?p=1240"},"modified":"2024-01-08T11:54:45","modified_gmt":"2024-01-08T14:54:45","slug":"intensos-trabajos-de-vialidad-provincial-en-merlo-para-recuperar-calles-y-despejar-escombros","status":"publish","type":"post","link":"https:\/\/vecinosdelinterior.com\/index.php\/2024\/01\/08\/intensos-trabajos-de-vialidad-provincial-en-merlo-para-recuperar-calles-y-despejar-escombros\/","title":{"rendered":"Intensos trabajos de Vialidad Provincial en Merlo para recuperar calles y despejar escombros"},"content":{"rendered":"\n<p>Las tareas comenzaron a lo largo del domingo y el despliegue de m\u00e1quinas y personal contin\u00faa en distintos puntos de la zona.<\/p>\n\n\n\n<p>M\u00e1s de 110 mil\u00edmetros de lluvia, granizo y fuertes vientos azotaron este domingo a la Villa de Merlo y Santa Rosa. Las consecuencias del temporal se hicieron sentir con el desborde de arroyos y calles anegadas. La localidad tur\u00edstica fue la m\u00e1s afectada en sus arterias, varias de ellas quedaron intransitables por el arrastre del agua que gener\u00f3 enormes zanjones y dej\u00f3 escombros y piedras de gran tama\u00f1o. Para recuperarlas y dejarlas transitables otra vez, la Direcci\u00f3n de Vialidad Provincial despleg\u00f3 maquinaria y camiones que trabajan a contrarreloj para restablecer el tr\u00e1nsito.<\/p>\n\n\n\n<figure class=\"wp-block-gallery has-nested-images columns-default is-cropped wp-block-gallery-1 is-layout-flex wp-block-gallery-is-layout-flex\">\n<figure class=\"wp-block-image size-large\"><img fetchpriority=\"high\" decoding=\"async\" width=\"1024\" height=\"576\" data-id=\"1242\" src=\"https:\/\/vecinosdelinterior.com\/wp-content\/uploads\/2024\/01\/IMG-20240107-WA0041-1024x576.jpg\" alt=\"\" class=\"wp-image-1242\" srcset=\"https:\/\/vecinosdelinterior.com\/wp-content\/uploads\/2024\/01\/IMG-20240107-WA0041-1024x576.jpg 1024w, https:\/\/vecinosdelinterior.com\/wp-content\/uploads\/2024\/01\/IMG-20240107-WA0041-300x169.jpg 300w, https:\/\/vecinosdelinterior.com\/wp-content\/uploads\/2024\/01\/IMG-20240107-WA0041-768x432.jpg 768w, https:\/\/vecinosdelinterior.com\/wp-content\/uploads\/2024\/01\/IMG-20240107-WA0041-750x422.jpg 750w, https:\/\/vecinosdelinterior.com\/wp-content\/uploads\/2024\/01\/IMG-20240107-WA0041-1140x641.jpg 1140w, https:\/\/vecinosdelinterior.com\/wp-content\/uploads\/2024\/01\/IMG-20240107-WA0041.jpg 1280w\" sizes=\"(max-width: 1024px) 100vw, 1024px\" \/><\/figure>\n\n\n\n<figure class=\"wp-block-image size-large\"><img decoding=\"async\" width=\"1024\" height=\"576\" data-id=\"1241\" src=\"https:\/\/vecinosdelinterior.com\/wp-content\/uploads\/2024\/01\/IMG-20240107-WA0047-1024x576.jpg\" alt=\"\" class=\"wp-image-1241\" srcset=\"https:\/\/vecinosdelinterior.com\/wp-content\/uploads\/2024\/01\/IMG-20240107-WA0047-1024x576.jpg 1024w, https:\/\/vecinosdelinterior.com\/wp-content\/uploads\/2024\/01\/IMG-20240107-WA0047-300x169.jpg 300w, https:\/\/vecinosdelinterior.com\/wp-content\/uploads\/2024\/01\/IMG-20240107-WA0047-768x432.jpg 768w, https:\/\/vecinosdelinterior.com\/wp-content\/uploads\/2024\/01\/IMG-20240107-WA0047-750x422.jpg 750w, https:\/\/vecinosdelinterior.com\/wp-content\/uploads\/2024\/01\/IMG-20240107-WA0047-1140x641.jpg 1140w, https:\/\/vecinosdelinterior.com\/wp-content\/uploads\/2024\/01\/IMG-20240107-WA0047.jpg 1280w\" sizes=\"(max-width: 1024px) 100vw, 1024px\" \/><\/figure>\n<\/figure>\n\n\n\n<p>La tarea se encuadr\u00f3 en operativos que el Gobierno provincial coordin\u00f3 con el Comit\u00e9 de Crisis, que nucle\u00f3 al Municipio, Defensa Civil, Bomberos Voluntarios, Polic\u00eda, Vialidad Provincial, Plan Inclusi\u00f3n y Direcci\u00f3n de Gesti\u00f3n y Prevenci\u00f3n de Emergencia del ministerio de Seguridad.<\/p>\n\n\n\n<p>\u201cHicimos reparaciones de calles, principalmente las que est\u00e1n cerca de los arroyos, que por el desborde del agua quedaron intransitables. Adem\u00e1s, con la pala cargadora rellenamos las arterias que parec\u00edan arroyos por el da\u00f1o provocado por el temporal\u201d, explic\u00f3 Jos\u00e9 La Malfa, director de Vialidad Provincial.<\/p>\n\n\n\n<p>Tambi\u00e9n dijo que efectuaron la limpieza de bancos de arena sobre la ruta N\u00ba1 y el despeje de alcantarillas, y que las tareas continuar\u00e1n l\u00f3gicamente durante la semana. \u201cDemandar\u00e1 varios d\u00edas restablecer todo, porque es muy grande el da\u00f1o, llevar\u00e1 tiempo\u201d, enfatiz\u00f3 sobre los trabajos en la zona.<\/p>\n\n\n\n<p>Con las \u00faltimas horas de luz las m\u00e1quinas lograron acceder al camino del filo para comenzar a remover enormes rocas que se desprendieron y ocupaban la totalidad de la carpeta asf\u00e1ltica. Situaciones similares se registraron en el camino que une Cerro de Oro con Carpinter\u00eda. \u201cNuestras m\u00e1quinas quedar\u00e1n all\u00e1 hasta concluir todas las \u00e1reas\u201d, afirm\u00f3 La Malfa.<\/p>\n","protected":false},"excerpt":{"rendered":"<p>Las tareas comenzaron a lo largo del domingo y el despliegue de m\u00e1quinas y personal contin\u00faa en distintos puntos de la zona. M\u00e1s de 110 mil\u00edmetros de lluvia, granizo y fuertes vientos azotaron este domingo a la Villa de Merlo y Santa Rosa. Las consecuencias del temporal se hicieron sentir con el desborde de arroyos [&hellip;]<\/p>\n","protected":false},"author":1,"featured_media":1241,"comment_status":"open","ping_status":"open","sticky":false,"template":"","format":"standard","meta":{"footnotes":""},"categories":[73],"tags":[330,332],"class_list":["post-1240","post","type-post","status-publish","format-standard","has-post-thumbnail","hentry","category-merlo","tag-temporal","tag-trabajo-de-maquinarias"],"_links":{"self":[{"href":"https:\/\/vecinosdelinterior.com\/index.php\/wp-json\/wp\/v2\/posts\/1240","targetHints":{"allow":["GET"]}}],"collection":[{"href":"https:\/\/vecinosdelinterior.com\/index.php\/wp-json\/wp\/v2\/posts"}],"about":[{"href":"https:\/\/vecinosdelinterior.com\/index.php\/wp-json\/wp\/v2\/types\/post"}],"author":[{"embeddable":true,"href":"https:\/\/vecinosdelinterior.com\/index.php\/wp-json\/wp\/v2\/users\/1"}],"replies":[{"embeddable":true,"href":"https:\/\/vecinosdelinterior.com\/index.php\/wp-json\/wp\/v2\/comments?post=1240"}],"version-history":[{"count":1,"href":"https:\/\/vecinosdelinterior.com\/index.php\/wp-json\/wp\/v2\/posts\/1240\/revisions"}],"predecessor-version":[{"id":1243,"href":"https:\/\/vecinosdelinterior.com\/index.php\/wp-json\/wp\/v2\/posts\/1240\/revisions\/1243"}],"wp:featuredmedia":[{"embeddable":true,"href":"https:\/\/vecinosdelinterior.com\/index.php\/wp-json\/wp\/v2\/media\/1241"}],"wp:attachment":[{"href":"https:\/\/vecinosdelinterior.com\/index.php\/wp-json\/wp\/v2\/media?parent=1240"}],"wp:term":[{"taxonomy":"category","embeddable":true,"href":"https:\/\/vecinosdelinterior.com\/index.php\/wp-json\/wp\/v2\/categories?post=1240"},{"taxonomy":"post_tag","embeddable":true,"href":"https:\/\/vecinosdelinterior.com\/index.php\/wp-json\/wp\/v2\/tags?post=1240"}],"curies":[{"name":"wp","href":"https:\/\/api.w.org\/{rel}","templated":true}]}}