{"id":1250,"date":"2024-01-12T11:10:23","date_gmt":"2024-01-12T14:10:23","guid":{"rendered":"https:\/\/vecinosdelinterior.com\/?p=1250"},"modified":"2024-01-12T11:10:23","modified_gmt":"2024-01-12T14:10:23","slug":"tres-localidades-tendran-festivales-este-fin-de-semana","status":"publish","type":"post","link":"https:\/\/vecinosdelinterior.com\/index.php\/2024\/01\/12\/tres-localidades-tendran-festivales-este-fin-de-semana\/","title":{"rendered":"Tres localidades tendr\u00e1n festivales este fin de semana"},"content":{"rendered":"\n<p>Del s\u00e1bado 13 al domingo 14, vecinos y turistas disfrutar\u00e1n de distintas actividades recreativas y culturales en San Francisco, Villa Larca y Lafinur.<\/p>\n\n\n\n<p><strong>Fiesta Provincial del Artesano en San Francisco<\/strong><\/p>\n\n\n\n<p>La 35\u00aa edici\u00f3n ser\u00e1 en el Polideportivo Municipal. La noche del s\u00e1bado estar\u00e1 dedicada al folclore con la presentaci\u00f3n de \u2018Ceibo\u2019 y \u2018Los Serenateros de Salta\u2019, mientras que el domingo, tras la coronaci\u00f3n de la Reina, el cierre ser\u00e1 a puro baile con \u2018La Barra\u2019. Las actividades comenzar\u00e1n a las 22:00.<\/p>\n\n\n\n<p>Por las dos noches, el valor de las entradas es de $10.000 m\u00e1s el cargo del servicio (Boleter\u00eda Digital) de $1.300. Solo para el s\u00e1bado, $5.000 y la noche del domingo, $7.000. Los menores de 10 a\u00f1os no pagan. Los tickets se pueden conseguir en este link.<\/p>\n\n\n\n<p>En cuanto a distancias, San Francisco del Monte de Oro, situado en el departamento Ayacucho, est\u00e1 a poco m\u00e1s de 100 kil\u00f3metros de la ciudad de San Luis, 160 de Villa de Merlo y 200 de Villa Mercedes.<\/p>\n\n\n\n<figure class=\"wp-block-image size-full\"><img fetchpriority=\"high\" decoding=\"async\" width=\"740\" height=\"740\" src=\"https:\/\/vecinosdelinterior.com\/wp-content\/uploads\/2024\/01\/01-3-1-1.jpg\" alt=\"\" class=\"wp-image-1253\" srcset=\"https:\/\/vecinosdelinterior.com\/wp-content\/uploads\/2024\/01\/01-3-1-1.jpg 740w, https:\/\/vecinosdelinterior.com\/wp-content\/uploads\/2024\/01\/01-3-1-1-300x300.jpg 300w, https:\/\/vecinosdelinterior.com\/wp-content\/uploads\/2024\/01\/01-3-1-1-150x150.jpg 150w, https:\/\/vecinosdelinterior.com\/wp-content\/uploads\/2024\/01\/01-3-1-1-75x75.jpg 75w\" sizes=\"(max-width: 740px) 100vw, 740px\" \/><\/figure>\n\n\n\n<p><strong>Festival de los Artesanos de la Costa de Los Comechingones en Villa Larca<\/strong><\/p>\n\n\n\n<p>La 16\u00aa edici\u00f3n del festival se realizar\u00e1 este s\u00e1bado 13 a partir de las 21:00, en el Complejo Polideportivo Municipal. Adem\u00e1s de los puestos de gastronom\u00eda y artesanos, se presentar\u00e1n Los Guaran\u00edes, Legendarios Ivoti, Los Palmae y Trulal\u00e1.<\/p>\n\n\n\n<p>Las entradas anticipadas a $3.500 pueden adquirirse en los siguientes puntos de ventas autorizados: La Punilla (Oficina de Informes y Daniel 3584399883), Villa del Carmen (Kiosco 247 y Gilda 2664946092), Papagayos (Pamela 2664186527), Villa Larca (Oficina de turismo: 2656 402387 \u2013 2664258702), Cortaderas (2664028721), Los Molles (Oficina de Turismo 2656477912), Carpinter\u00eda (Radio Mis Sierras 102.3 \u2013 Lorena Magall\u00e1n 2664331510). Villa de Merlo (Jos\u00e9 Alberto Mercau 2664217571), Santa Rosa del Conlara (2664342095), Concar\u00e1n (Urbana Store \u2013 Andr\u00e9s D\u00edaz 2664185208), Tilisarao (Maxi Kiosco La Nona 2664616265) y Naschel (Alexis Brandana \u2013 Alejandro L\u00f3pez 2657392665).<\/p>\n\n\n\n<p>Villa Larca se encuentra a 31 kil\u00f3metros de Villa de Merlo, 144 de Villa Mercedes y 179 de la ciudad de San Luis.<\/p>\n\n\n\n<figure class=\"wp-block-image size-large\"><img decoding=\"async\" width=\"819\" height=\"1024\" src=\"https:\/\/vecinosdelinterior.com\/wp-content\/uploads\/2024\/01\/410934148_794922469343148_4930457133959050423_n-1-819x1024.jpg\" alt=\"\" class=\"wp-image-1252\" srcset=\"https:\/\/vecinosdelinterior.com\/wp-content\/uploads\/2024\/01\/410934148_794922469343148_4930457133959050423_n-1-819x1024.jpg 819w, https:\/\/vecinosdelinterior.com\/wp-content\/uploads\/2024\/01\/410934148_794922469343148_4930457133959050423_n-1-240x300.jpg 240w, https:\/\/vecinosdelinterior.com\/wp-content\/uploads\/2024\/01\/410934148_794922469343148_4930457133959050423_n-1-768x960.jpg 768w, https:\/\/vecinosdelinterior.com\/wp-content\/uploads\/2024\/01\/410934148_794922469343148_4930457133959050423_n-1-1229x1536.jpg 1229w, https:\/\/vecinosdelinterior.com\/wp-content\/uploads\/2024\/01\/410934148_794922469343148_4930457133959050423_n-1-750x938.jpg 750w, https:\/\/vecinosdelinterior.com\/wp-content\/uploads\/2024\/01\/410934148_794922469343148_4930457133959050423_n-1-1140x1425.jpg 1140w, https:\/\/vecinosdelinterior.com\/wp-content\/uploads\/2024\/01\/410934148_794922469343148_4930457133959050423_n-1.jpg 1276w\" sizes=\"(max-width: 819px) 100vw, 819px\" \/><\/figure>\n\n\n\n<p><\/p>\n\n\n\n<p><strong>Festival Provincial de la Alfalfa en Lafinur<\/strong><\/p>\n\n\n\n<p>En una velada de homenaje a aquellos productores de la pastura que colaboraron fuertemente en el crecimiento de la localidad, se elegir\u00e1n a cuatro embajadoras y se podr\u00e1 disfrutar de los shows de Lisandro M\u00e1rquez, V\u00edctor y Orlando Escudero, Franco Altamirano, Hugo Fuentes y Folklore x 4. Ser\u00e1 este s\u00e1bado 13 a partir de las 22:00.<\/p>\n\n\n\n<p>Como todos los a\u00f1os, dentro del predio habr\u00e1 un patio de comidas para los vecinos y turistas que asistan. No estar\u00e1 permitido el ingreso con conservadoras. El valor de la entrada ser\u00e1 de $2.000.<\/p>\n\n\n\n<p>La localidad de Lafinur se ubica en el departamento Jun\u00edn cerca del l\u00edmite con la provincia de C\u00f3rdoba, a 57 kil\u00f3metros de Merlo, 193 de la ciudad de San Luis y 205 de Villa Mercedes.<\/p>\n\n\n\n<figure class=\"wp-block-image size-large\"><img decoding=\"async\" width=\"1024\" height=\"1024\" src=\"https:\/\/vecinosdelinterior.com\/wp-content\/uploads\/2024\/01\/416855068_674317501545833_4829628122533507359_n-1024x1024.jpg\" alt=\"\" class=\"wp-image-1254\" srcset=\"https:\/\/vecinosdelinterior.com\/wp-content\/uploads\/2024\/01\/416855068_674317501545833_4829628122533507359_n-1024x1024.jpg 1024w, https:\/\/vecinosdelinterior.com\/wp-content\/uploads\/2024\/01\/416855068_674317501545833_4829628122533507359_n-300x300.jpg 300w, https:\/\/vecinosdelinterior.com\/wp-content\/uploads\/2024\/01\/416855068_674317501545833_4829628122533507359_n-150x150.jpg 150w, https:\/\/vecinosdelinterior.com\/wp-content\/uploads\/2024\/01\/416855068_674317501545833_4829628122533507359_n-768x768.jpg 768w, https:\/\/vecinosdelinterior.com\/wp-content\/uploads\/2024\/01\/416855068_674317501545833_4829628122533507359_n-75x75.jpg 75w, https:\/\/vecinosdelinterior.com\/wp-content\/uploads\/2024\/01\/416855068_674317501545833_4829628122533507359_n-750x750.jpg 750w, https:\/\/vecinosdelinterior.com\/wp-content\/uploads\/2024\/01\/416855068_674317501545833_4829628122533507359_n.jpg 1080w\" sizes=\"(max-width: 1024px) 100vw, 1024px\" \/><\/figure>\n","protected":false},"excerpt":{"rendered":"<p>Del s\u00e1bado 13 al domingo 14, vecinos y turistas disfrutar\u00e1n de distintas actividades recreativas y culturales en San Francisco, Villa Larca y Lafinur. Fiesta Provincial del Artesano en San Francisco La 35\u00aa edici\u00f3n ser\u00e1 en el Polideportivo Municipal. La noche del s\u00e1bado estar\u00e1 dedicada al folclore con la presentaci\u00f3n de \u2018Ceibo\u2019 y \u2018Los Serenateros de [&hellip;]<\/p>\n","protected":false},"author":1,"featured_media":1252,"comment_status":"open","ping_status":"open","sticky":false,"template":"","format":"standard","meta":{"footnotes":""},"categories":[9,89],"tags":[],"class_list":["post-1250","post","type-post","status-publish","format-standard","has-post-thumbnail","hentry","category-san-francisco","category-villa-larca"],"_links":{"self":[{"href":"https:\/\/vecinosdelinterior.com\/index.php\/wp-json\/wp\/v2\/posts\/1250","targetHints":{"allow":["GET"]}}],"collection":[{"href":"https:\/\/vecinosdelinterior.com\/index.php\/wp-json\/wp\/v2\/posts"}],"about":[{"href":"https:\/\/vecinosdelinterior.com\/index.php\/wp-json\/wp\/v2\/types\/post"}],"author":[{"embeddable":true,"href":"https:\/\/vecinosdelinterior.com\/index.php\/wp-json\/wp\/v2\/users\/1"}],"replies":[{"embeddable":true,"href":"https:\/\/vecinosdelinterior.com\/index.php\/wp-json\/wp\/v2\/comments?post=1250"}],"version-history":[{"count":1,"href":"https:\/\/vecinosdelinterior.com\/index.php\/wp-json\/wp\/v2\/posts\/1250\/revisions"}],"predecessor-version":[{"id":1255,"href":"https:\/\/vecinosdelinterior.com\/index.php\/wp-json\/wp\/v2\/posts\/1250\/revisions\/1255"}],"wp:featuredmedia":[{"embeddable":true,"href":"https:\/\/vecinosdelinterior.com\/index.php\/wp-json\/wp\/v2\/media\/1252"}],"wp:attachment":[{"href":"https:\/\/vecinosdelinterior.com\/index.php\/wp-json\/wp\/v2\/media?parent=1250"}],"wp:term":[{"taxonomy":"category","embeddable":true,"href":"https:\/\/vecinosdelinterior.com\/index.php\/wp-json\/wp\/v2\/categories?post=1250"},{"taxonomy":"post_tag","embeddable":true,"href":"https:\/\/vecinosdelinterior.com\/index.php\/wp-json\/wp\/v2\/tags?post=1250"}],"curies":[{"name":"wp","href":"https:\/\/api.w.org\/{rel}","templated":true}]}}