{"id":1256,"date":"2024-01-12T11:15:01","date_gmt":"2024-01-12T14:15:01","guid":{"rendered":"https:\/\/vecinosdelinterior.com\/?p=1256"},"modified":"2024-01-12T11:15:01","modified_gmt":"2024-01-12T14:15:01","slug":"los-intendentes-del-noreste-plantearon-sus-inquietudes-a-endeiza","status":"publish","type":"post","link":"https:\/\/vecinosdelinterior.com\/index.php\/2024\/01\/12\/los-intendentes-del-noreste-plantearon-sus-inquietudes-a-endeiza\/","title":{"rendered":"Los intendentes del noreste plantearon sus inquietudes a Endeiza"},"content":{"rendered":"\n<p>El ministro de Gobierno recibi\u00f3 a l\u00edderes municipales de la Costa de los Comechingones y el Valle del Conlara. En el encuentro se abri\u00f3 un espacio para expresar preocupaciones particulares de cada localidad, desembocando como denominador com\u00fan en la falta de recursos econ\u00f3micos para afrontar los problemas a corto plazo.<\/p>\n\n\n\n<p>Intendentes de la Costa de los Comechingones y del Valle del Conlara fueron recibidos por Facundo Endeiza, el ministro de Gobierno, quien quer\u00eda tener un panorama general de la situaci\u00f3n que atraviesa cada localidad y, a partir de estos testimonios de primera mano, iniciar un proceso de cooperaci\u00f3n y trabajo conjunto para remediar las dificultades que aquejan a los territorios del noreste de San Luis.<\/p>\n\n\n\n<figure class=\"wp-block-image size-full\"><img fetchpriority=\"high\" decoding=\"async\" width=\"907\" height=\"605\" src=\"https:\/\/vecinosdelinterior.com\/wp-content\/uploads\/2024\/01\/B707949C-F4B5-4CB7-8C57-030A65111DE1.jpeg\" alt=\"\" class=\"wp-image-1257\" srcset=\"https:\/\/vecinosdelinterior.com\/wp-content\/uploads\/2024\/01\/B707949C-F4B5-4CB7-8C57-030A65111DE1.jpeg 907w, https:\/\/vecinosdelinterior.com\/wp-content\/uploads\/2024\/01\/B707949C-F4B5-4CB7-8C57-030A65111DE1-300x200.jpeg 300w, https:\/\/vecinosdelinterior.com\/wp-content\/uploads\/2024\/01\/B707949C-F4B5-4CB7-8C57-030A65111DE1-768x512.jpeg 768w, https:\/\/vecinosdelinterior.com\/wp-content\/uploads\/2024\/01\/B707949C-F4B5-4CB7-8C57-030A65111DE1-750x500.jpeg 750w\" sizes=\"(max-width: 907px) 100vw, 907px\" \/><\/figure>\n\n\n\n<p>La dificultad en com\u00fan que surgi\u00f3 en los planteos de los intendentes estuvo ligada a la falta de recursos econ\u00f3micos para poder cumplir en tiempo y forma con el pago de los haberes. Por lo tanto, hubo un reclamo de asistencia para satisfacer dicha demanda, aunque todos eran conscientes de que el gobierno provincial atraviesa los mismos problemas, fruto de la falta de una transici\u00f3n y los gastos desmesurados de la gesti\u00f3n anterior.<\/p>\n\n\n\n<p>En el encuentro estuvieron presentes el jefe de la cartera de Gobierno, Facundo Endeiza, junto con diversos intendentes de la zona: Macarena Ben\u00edtez, de Cortaderas; Romina Peralta, de Renca; Marcelo Gil, de Concar\u00e1n; Valeria Kuhn, de Naschel; Marcelo S\u00e1nchez, de Los Molles y Mateo Vilchez, de Villa Larca. A continuaci\u00f3n, un breve repaso de los planteos de cada Municipio:<\/p>\n\n\n\n<p>Cortaderas<\/p>\n\n\n\n<p>Ben\u00edtez expres\u00f3 conformidad tras la reuni\u00f3n, resaltando el car\u00e1cter positivo por haber podido plantear los temas puntuales que conciernen a los vecinos de cada localidad, al margen de aquellos asuntos que son comunes a todos. Para Cortaderas, la intendenta plante\u00f3 la necesidad de contar nuevamente con el convenio que les permita a los trabajadores de planes sociales desarrollar tareas municipales.<\/p>\n\n\n\n<p>Renca<\/p>\n\n\n\n<p>Peralta aprovech\u00f3 el espacio para manifestar su preocupaci\u00f3n en torno a la suspensi\u00f3n de tratamientos y medicaci\u00f3n para enfermedades cr\u00f3nicas brindadas por DOSEP en su localidad. Igual se mostr\u00f3 comprensiva ante las dificultades del periodo de transici\u00f3n, pero tambi\u00e9n resalt\u00f3 el car\u00e1cter urgente del problema, en tanto est\u00e1 relacionado con la salud.<\/p>\n\n\n\n<p>Concar\u00e1n<\/p>\n\n\n\n<p>Gil enfatiz\u00f3 la necesidad de jerarquizar nuevamente el hospital del pueblo, para que recupere su nivel de referencia en la regi\u00f3n. Adem\u00e1s, present\u00f3 un proyecto que contempla la posibilidad de tener a Concar\u00e1n como una ciudad judicial, lo que significar\u00eda un impulso econ\u00f3mico importante.<\/p>\n\n\n\n<p>Naschel<\/p>\n\n\n\n<p>Kuhn plante\u00f3 inquietud por el incumplimiento de las guardias m\u00e9dicas en el hospital, a\u00f1adiendo que se trata de un problema de larga data que demanda una soluci\u00f3n definitiva. Por otra parte, se mostr\u00f3 preocupada por el futuro de dos obras que actualmente se encuentran en ejecuci\u00f3n: un proyecto de pavimentaci\u00f3n y otro que involucra el arreglo de la planta de tratamiento de residuos cloacales.<\/p>\n\n\n\n<p>Los Molles<\/p>\n\n\n\n<p>Durante el encuentro, S\u00e1nchez remarc\u00f3 la coyuntura particular y dificultosa que atraviesa el pa\u00eds y el impacto en San Luis. Subray\u00f3 la necesidad de solucionar el problema del agua en su localidad, producto de los da\u00f1os que sufri\u00f3 una obra h\u00eddrica a manos de una fuerte tormenta en 2023.<\/p>\n\n\n\n<p>Villa Larca<\/p>\n\n\n\n<p>V\u00edlchez centr\u00f3 su preocupaci\u00f3n en torno a dos obras p\u00fablicas actualmente en ejecuci\u00f3n: una bicisenda que ilumina el ingreso y la construcci\u00f3n de una planta potabilizadora.<\/p>\n","protected":false},"excerpt":{"rendered":"<p>El ministro de Gobierno recibi\u00f3 a l\u00edderes municipales de la Costa de los Comechingones y el Valle del Conlara. En el encuentro se abri\u00f3 un espacio para expresar preocupaciones particulares de cada localidad, desembocando como denominador com\u00fan en la falta de recursos econ\u00f3micos para afrontar los problemas a corto plazo. Intendentes de la Costa de [&hellip;]<\/p>\n","protected":false},"author":1,"featured_media":1257,"comment_status":"open","ping_status":"open","sticky":false,"template":"","format":"standard","meta":{"footnotes":""},"categories":[29,223,275,91],"tags":[235],"class_list":["post-1256","post","type-post","status-publish","format-standard","has-post-thumbnail","hentry","category-chacabuco","category-concaran","category-cortaderas","category-naschel","tag-intendentes"],"_links":{"self":[{"href":"https:\/\/vecinosdelinterior.com\/index.php\/wp-json\/wp\/v2\/posts\/1256","targetHints":{"allow":["GET"]}}],"collection":[{"href":"https:\/\/vecinosdelinterior.com\/index.php\/wp-json\/wp\/v2\/posts"}],"about":[{"href":"https:\/\/vecinosdelinterior.com\/index.php\/wp-json\/wp\/v2\/types\/post"}],"author":[{"embeddable":true,"href":"https:\/\/vecinosdelinterior.com\/index.php\/wp-json\/wp\/v2\/users\/1"}],"replies":[{"embeddable":true,"href":"https:\/\/vecinosdelinterior.com\/index.php\/wp-json\/wp\/v2\/comments?post=1256"}],"version-history":[{"count":1,"href":"https:\/\/vecinosdelinterior.com\/index.php\/wp-json\/wp\/v2\/posts\/1256\/revisions"}],"predecessor-version":[{"id":1258,"href":"https:\/\/vecinosdelinterior.com\/index.php\/wp-json\/wp\/v2\/posts\/1256\/revisions\/1258"}],"wp:featuredmedia":[{"embeddable":true,"href":"https:\/\/vecinosdelinterior.com\/index.php\/wp-json\/wp\/v2\/media\/1257"}],"wp:attachment":[{"href":"https:\/\/vecinosdelinterior.com\/index.php\/wp-json\/wp\/v2\/media?parent=1256"}],"wp:term":[{"taxonomy":"category","embeddable":true,"href":"https:\/\/vecinosdelinterior.com\/index.php\/wp-json\/wp\/v2\/categories?post=1256"},{"taxonomy":"post_tag","embeddable":true,"href":"https:\/\/vecinosdelinterior.com\/index.php\/wp-json\/wp\/v2\/tags?post=1256"}],"curies":[{"name":"wp","href":"https:\/\/api.w.org\/{rel}","templated":true}]}}