{"id":1259,"date":"2024-01-12T11:50:52","date_gmt":"2024-01-12T14:50:52","guid":{"rendered":"https:\/\/vecinosdelinterior.com\/?p=1259"},"modified":"2024-01-12T11:50:53","modified_gmt":"2024-01-12T14:50:53","slug":"san-luis-agua-realiza-tareas-de-reparacion-en-el-acueducto-del-oeste-eloy-bona","status":"publish","type":"post","link":"https:\/\/vecinosdelinterior.com\/index.php\/2024\/01\/12\/san-luis-agua-realiza-tareas-de-reparacion-en-el-acueducto-del-oeste-eloy-bona\/","title":{"rendered":"San Luis Agua realiza tareas de reparaci\u00f3n en el acueducto del Oeste \u201cEloy Bona\u201d"},"content":{"rendered":"\n<p><br>Desde San Luis Agua informaron que se encontr\u00f3 una rotura en el troncal I del acueducto del Oeste \u201cEloy Bona\u201d, afectando el abastecimiento por completo de todo el sistema. Las tareas de reparaci\u00f3n comenzaron este jueves y tendr\u00e1n un lapso estimado de 72 horas para la puesta a punto del servicio. Las mismas contemplan la excavaci\u00f3n, cateo, y detecci\u00f3n de la falla.<\/p>\n\n\n\n<p>Una vez localizada la falla, se proceder\u00e1 al seccionado y reemplazo del tramo afectado y, por \u00faltimo, se realizan las tareas de presurizaci\u00f3n, purgado y regulaci\u00f3n de la ca\u00f1er\u00eda para un \u00f3ptimo funcionamiento.<\/p>\n\n\n\n<p>San Luis Agua recomienda extremar el cuidado del recurso y tomar las medidas necesarias establecidas en el C\u00f3digo de Aguas de la provincia de San Luis.<\/p>\n\n\n\n<p>Las localidades afectadas por este corte son: Fraga, Comandante Granville, Alto Pelado, Huejada, La Se\u00f1a, Cazador, Zanjitas, La Costa, Beazley, Gorgonta, San Mart\u00edn del Alto Negro, Nahuel Map\u00e1, Bajada Nueva, La Maroma, Mart\u00edn de Loyola, Los Overos, Colonia Calzada, Navia, Varela, Puente La Horqueta, Las Terneras, Breta\u00f1a, La Irene y La Lonja.<\/p>\n\n\n\n<figure class=\"wp-block-image size-full\"><img fetchpriority=\"high\" decoding=\"async\" width=\"550\" height=\"367\" src=\"https:\/\/vecinosdelinterior.com\/wp-content\/uploads\/2024\/01\/acueducto-oeste.webp\" alt=\"\" class=\"wp-image-1260\" srcset=\"https:\/\/vecinosdelinterior.com\/wp-content\/uploads\/2024\/01\/acueducto-oeste.webp 550w, https:\/\/vecinosdelinterior.com\/wp-content\/uploads\/2024\/01\/acueducto-oeste-300x200.webp 300w\" sizes=\"(max-width: 550px) 100vw, 550px\" \/><\/figure>\n","protected":false},"excerpt":{"rendered":"<p>Desde San Luis Agua informaron que se encontr\u00f3 una rotura en el troncal I del acueducto del Oeste \u201cEloy Bona\u201d, afectando el abastecimiento por completo de todo el sistema. Las tareas de reparaci\u00f3n comenzaron este jueves y tendr\u00e1n un lapso estimado de 72 horas para la puesta a punto del servicio. Las mismas contemplan la [&hellip;]<\/p>\n","protected":false},"author":1,"featured_media":1260,"comment_status":"open","ping_status":"open","sticky":false,"template":"","format":"standard","meta":{"footnotes":""},"categories":[1],"tags":[],"class_list":["post-1259","post","type-post","status-publish","format-standard","has-post-thumbnail","hentry","category-blog"],"_links":{"self":[{"href":"https:\/\/vecinosdelinterior.com\/index.php\/wp-json\/wp\/v2\/posts\/1259","targetHints":{"allow":["GET"]}}],"collection":[{"href":"https:\/\/vecinosdelinterior.com\/index.php\/wp-json\/wp\/v2\/posts"}],"about":[{"href":"https:\/\/vecinosdelinterior.com\/index.php\/wp-json\/wp\/v2\/types\/post"}],"author":[{"embeddable":true,"href":"https:\/\/vecinosdelinterior.com\/index.php\/wp-json\/wp\/v2\/users\/1"}],"replies":[{"embeddable":true,"href":"https:\/\/vecinosdelinterior.com\/index.php\/wp-json\/wp\/v2\/comments?post=1259"}],"version-history":[{"count":1,"href":"https:\/\/vecinosdelinterior.com\/index.php\/wp-json\/wp\/v2\/posts\/1259\/revisions"}],"predecessor-version":[{"id":1261,"href":"https:\/\/vecinosdelinterior.com\/index.php\/wp-json\/wp\/v2\/posts\/1259\/revisions\/1261"}],"wp:featuredmedia":[{"embeddable":true,"href":"https:\/\/vecinosdelinterior.com\/index.php\/wp-json\/wp\/v2\/media\/1260"}],"wp:attachment":[{"href":"https:\/\/vecinosdelinterior.com\/index.php\/wp-json\/wp\/v2\/media?parent=1259"}],"wp:term":[{"taxonomy":"category","embeddable":true,"href":"https:\/\/vecinosdelinterior.com\/index.php\/wp-json\/wp\/v2\/categories?post=1259"},{"taxonomy":"post_tag","embeddable":true,"href":"https:\/\/vecinosdelinterior.com\/index.php\/wp-json\/wp\/v2\/tags?post=1259"}],"curies":[{"name":"wp","href":"https:\/\/api.w.org\/{rel}","templated":true}]}}