{"id":1262,"date":"2024-01-13T19:46:08","date_gmt":"2024-01-13T22:46:08","guid":{"rendered":"https:\/\/vecinosdelinterior.com\/?p=1262"},"modified":"2024-01-13T19:46:08","modified_gmt":"2024-01-13T22:46:08","slug":"tilisarao-musica-danza-gastronomia-y-artesanos-en-el-festival-de-la-flor-del-pago-y-los-inmigrantes","status":"publish","type":"post","link":"https:\/\/vecinosdelinterior.com\/index.php\/2024\/01\/13\/tilisarao-musica-danza-gastronomia-y-artesanos-en-el-festival-de-la-flor-del-pago-y-los-inmigrantes\/","title":{"rendered":"Tilisarao: m\u00fasica, danza, gastronom\u00eda y artesanos en el Festival de la Flor del Pago y Los Inmigrantes"},"content":{"rendered":"\n<p>Con m\u00e1s de 30 a\u00f1os de historia, este festival es uno de los m\u00e1s antiguos, s\u00edmbolo de tradici\u00f3n, sentido de pertenencia, revalorizaci\u00f3n del pasado cultural, y fraternidad gauchesca.<\/p>\n\n\n\n<p>En su versi\u00f3n actual, el Festival de la Flor del Pago y Los Inmigrantes representa un reconocimiento a las colectividades fundacionales de Tilisarao. Conjuga la diversidad de nuestra cultura, su gastronom\u00eda, colorido y su esp\u00edritu de festividad.<\/p>\n\n\n\n<p>Esta nueva edici\u00f3n del festival, que tendr\u00e1 lugar el 27 de enero a partir de las 20:00, es organizada \u00edntegramente por la Municipalidad, con entrada libre y gratuita, y forma parte de las actividades de fomento al emprendedurismo local y el crecimiento de los actores culturales de la comunidad.<\/p>\n\n\n\n<p>En este marco se elegir\u00e1 la \u201cFlor del Pago\u201d. Con un desfile de agrupaciones gauchas que recorrer\u00e1n las calles de la localidad comenzar\u00e1n las actividades, seguir\u00e1n shows con la presentaci\u00f3n de artistas locales y nacionales, y reconocimientos especiales en el complejo Polideportivo.<\/p>\n\n\n\n<p>El esp\u00edritu de esta celebraci\u00f3n es mantener los valores de la tradici\u00f3n. Forman la grilla de artistas: Los Tekis, Algarroba.com, Manyines de Cuyo, Waqay, Andr\u00e9s Clerc, Clase 80, Jerem\u00edas Pascual, Alberto Ortiz, Las Voces del Roc\u00edo, Alma Maya, Sabino Cuello, Lucas Ribba, Hue Quillen, El Maikan, Sangre Nueva y Luna Cautiva.<\/p>\n\n\n\n<figure class=\"wp-block-image size-large\"><img fetchpriority=\"high\" decoding=\"async\" width=\"1024\" height=\"1024\" src=\"https:\/\/vecinosdelinterior.com\/wp-content\/uploads\/2024\/01\/FLOR-DEL-PAGO-Y-LOS-INMIGRANTES-1024x1024.jpeg\" alt=\"\" class=\"wp-image-1263\" srcset=\"https:\/\/vecinosdelinterior.com\/wp-content\/uploads\/2024\/01\/FLOR-DEL-PAGO-Y-LOS-INMIGRANTES-1024x1024.jpeg 1024w, https:\/\/vecinosdelinterior.com\/wp-content\/uploads\/2024\/01\/FLOR-DEL-PAGO-Y-LOS-INMIGRANTES-300x300.jpeg 300w, https:\/\/vecinosdelinterior.com\/wp-content\/uploads\/2024\/01\/FLOR-DEL-PAGO-Y-LOS-INMIGRANTES-150x150.jpeg 150w, https:\/\/vecinosdelinterior.com\/wp-content\/uploads\/2024\/01\/FLOR-DEL-PAGO-Y-LOS-INMIGRANTES-768x768.jpeg 768w, https:\/\/vecinosdelinterior.com\/wp-content\/uploads\/2024\/01\/FLOR-DEL-PAGO-Y-LOS-INMIGRANTES-1536x1536.jpeg 1536w, https:\/\/vecinosdelinterior.com\/wp-content\/uploads\/2024\/01\/FLOR-DEL-PAGO-Y-LOS-INMIGRANTES-75x75.jpeg 75w, https:\/\/vecinosdelinterior.com\/wp-content\/uploads\/2024\/01\/FLOR-DEL-PAGO-Y-LOS-INMIGRANTES-750x750.jpeg 750w, https:\/\/vecinosdelinterior.com\/wp-content\/uploads\/2024\/01\/FLOR-DEL-PAGO-Y-LOS-INMIGRANTES-1140x1140.jpeg 1140w, https:\/\/vecinosdelinterior.com\/wp-content\/uploads\/2024\/01\/FLOR-DEL-PAGO-Y-LOS-INMIGRANTES.jpeg 1600w\" sizes=\"(max-width: 1024px) 100vw, 1024px\" \/><\/figure>\n","protected":false},"excerpt":{"rendered":"<p>Con m\u00e1s de 30 a\u00f1os de historia, este festival es uno de los m\u00e1s antiguos, s\u00edmbolo de tradici\u00f3n, sentido de pertenencia, revalorizaci\u00f3n del pasado cultural, y fraternidad gauchesca. En su versi\u00f3n actual, el Festival de la Flor del Pago y Los Inmigrantes representa un reconocimiento a las colectividades fundacionales de Tilisarao. Conjuga la diversidad de [&hellip;]<\/p>\n","protected":false},"author":1,"featured_media":1263,"comment_status":"open","ping_status":"open","sticky":false,"template":"","format":"standard","meta":{"footnotes":""},"categories":[30],"tags":[334,333],"class_list":["post-1262","post","type-post","status-publish","format-standard","has-post-thumbnail","hentry","category-tilisarao","tag-festival-de-la-flor-del-pago-y-los-inmigrantes","tag-festivales"],"_links":{"self":[{"href":"https:\/\/vecinosdelinterior.com\/index.php\/wp-json\/wp\/v2\/posts\/1262","targetHints":{"allow":["GET"]}}],"collection":[{"href":"https:\/\/vecinosdelinterior.com\/index.php\/wp-json\/wp\/v2\/posts"}],"about":[{"href":"https:\/\/vecinosdelinterior.com\/index.php\/wp-json\/wp\/v2\/types\/post"}],"author":[{"embeddable":true,"href":"https:\/\/vecinosdelinterior.com\/index.php\/wp-json\/wp\/v2\/users\/1"}],"replies":[{"embeddable":true,"href":"https:\/\/vecinosdelinterior.com\/index.php\/wp-json\/wp\/v2\/comments?post=1262"}],"version-history":[{"count":1,"href":"https:\/\/vecinosdelinterior.com\/index.php\/wp-json\/wp\/v2\/posts\/1262\/revisions"}],"predecessor-version":[{"id":1264,"href":"https:\/\/vecinosdelinterior.com\/index.php\/wp-json\/wp\/v2\/posts\/1262\/revisions\/1264"}],"wp:featuredmedia":[{"embeddable":true,"href":"https:\/\/vecinosdelinterior.com\/index.php\/wp-json\/wp\/v2\/media\/1263"}],"wp:attachment":[{"href":"https:\/\/vecinosdelinterior.com\/index.php\/wp-json\/wp\/v2\/media?parent=1262"}],"wp:term":[{"taxonomy":"category","embeddable":true,"href":"https:\/\/vecinosdelinterior.com\/index.php\/wp-json\/wp\/v2\/categories?post=1262"},{"taxonomy":"post_tag","embeddable":true,"href":"https:\/\/vecinosdelinterior.com\/index.php\/wp-json\/wp\/v2\/tags?post=1262"}],"curies":[{"name":"wp","href":"https:\/\/api.w.org\/{rel}","templated":true}]}}