{"id":1265,"date":"2024-01-13T19:52:27","date_gmt":"2024-01-13T22:52:27","guid":{"rendered":"https:\/\/vecinosdelinterior.com\/?p=1265"},"modified":"2024-01-13T19:52:27","modified_gmt":"2024-01-13T22:52:27","slug":"advierten-que-hay-unos-170-pacientes-con-gastroenteritis-aguda-en-la-villa-de-merlo","status":"publish","type":"post","link":"https:\/\/vecinosdelinterior.com\/index.php\/2024\/01\/13\/advierten-que-hay-unos-170-pacientes-con-gastroenteritis-aguda-en-la-villa-de-merlo\/","title":{"rendered":"Advierten que hay unos 170 pacientes con gastroenteritis aguda en la Villa de Merlo"},"content":{"rendered":"\n<p>Desde el Hospital \u201cMadre Catalina Rodr\u00edguez\u201d comunicaron que hay al menos unos 170 pacientes con gastroenteritis aguda debido a las malas condiciones del agua en la Villa de Merlo.<\/p>\n\n\n\n<p>La cifra fue dada a conocer por el director del nosocomio, Luis Flores, quien asegur\u00f3 que \u00ablos casos fueron apareciendo en las \u00faltimas 24 horas y los pacientes ser\u00edan residentes de la zona y turistas\u00bb.<\/p>\n\n\n\n<p>Adem\u00e1s, confirmaron que no hay pacientes internados por estos casos y que los primeros fueron atendidos el jueves por la noche con diarrea y v\u00f3mitos, seg\u00fan detall\u00f3 Info Merlo.<\/p>\n\n\n\n<p>La mayor\u00eda de las personas afectadas por esta enfermedad viven en Piedra Blanca, El Pantanillo y Barranca Colorada por lo que se reforzaron las asistencias m\u00e9dicas.<\/p>\n\n\n\n<p>Por este motivo, desde la cooperativa de Agua de Villa de Merlo solicitaron a la comunidad hervir el agua que sale de la red potable antes de consumir o de cocinar.<\/p>\n\n\n\n<figure class=\"wp-block-image size-full\"><img fetchpriority=\"high\" decoding=\"async\" width=\"970\" height=\"492\" src=\"https:\/\/vecinosdelinterior.com\/wp-content\/uploads\/2024\/01\/hospo-min.webp\" alt=\"\" class=\"wp-image-1266\" srcset=\"https:\/\/vecinosdelinterior.com\/wp-content\/uploads\/2024\/01\/hospo-min.webp 970w, https:\/\/vecinosdelinterior.com\/wp-content\/uploads\/2024\/01\/hospo-min-300x152.webp 300w, https:\/\/vecinosdelinterior.com\/wp-content\/uploads\/2024\/01\/hospo-min-768x390.webp 768w, https:\/\/vecinosdelinterior.com\/wp-content\/uploads\/2024\/01\/hospo-min-750x380.webp 750w\" sizes=\"(max-width: 970px) 100vw, 970px\" \/><\/figure>\n","protected":false},"excerpt":{"rendered":"<p>Desde el Hospital \u201cMadre Catalina Rodr\u00edguez\u201d comunicaron que hay al menos unos 170 pacientes con gastroenteritis aguda debido a las malas condiciones del agua en la Villa de Merlo. La cifra fue dada a conocer por el director del nosocomio, Luis Flores, quien asegur\u00f3 que \u00ablos casos fueron apareciendo en las \u00faltimas 24 horas y [&hellip;]<\/p>\n","protected":false},"author":1,"featured_media":1266,"comment_status":"open","ping_status":"open","sticky":false,"template":"","format":"standard","meta":{"footnotes":""},"categories":[73],"tags":[336,335],"class_list":["post-1265","post","type-post","status-publish","format-standard","has-post-thumbnail","hentry","category-merlo","tag-gastroenteritis","tag-salud"],"_links":{"self":[{"href":"https:\/\/vecinosdelinterior.com\/index.php\/wp-json\/wp\/v2\/posts\/1265","targetHints":{"allow":["GET"]}}],"collection":[{"href":"https:\/\/vecinosdelinterior.com\/index.php\/wp-json\/wp\/v2\/posts"}],"about":[{"href":"https:\/\/vecinosdelinterior.com\/index.php\/wp-json\/wp\/v2\/types\/post"}],"author":[{"embeddable":true,"href":"https:\/\/vecinosdelinterior.com\/index.php\/wp-json\/wp\/v2\/users\/1"}],"replies":[{"embeddable":true,"href":"https:\/\/vecinosdelinterior.com\/index.php\/wp-json\/wp\/v2\/comments?post=1265"}],"version-history":[{"count":1,"href":"https:\/\/vecinosdelinterior.com\/index.php\/wp-json\/wp\/v2\/posts\/1265\/revisions"}],"predecessor-version":[{"id":1267,"href":"https:\/\/vecinosdelinterior.com\/index.php\/wp-json\/wp\/v2\/posts\/1265\/revisions\/1267"}],"wp:featuredmedia":[{"embeddable":true,"href":"https:\/\/vecinosdelinterior.com\/index.php\/wp-json\/wp\/v2\/media\/1266"}],"wp:attachment":[{"href":"https:\/\/vecinosdelinterior.com\/index.php\/wp-json\/wp\/v2\/media?parent=1265"}],"wp:term":[{"taxonomy":"category","embeddable":true,"href":"https:\/\/vecinosdelinterior.com\/index.php\/wp-json\/wp\/v2\/categories?post=1265"},{"taxonomy":"post_tag","embeddable":true,"href":"https:\/\/vecinosdelinterior.com\/index.php\/wp-json\/wp\/v2\/tags?post=1265"}],"curies":[{"name":"wp","href":"https:\/\/api.w.org\/{rel}","templated":true}]}}