{"id":1274,"date":"2024-01-17T19:43:47","date_gmt":"2024-01-17T22:43:47","guid":{"rendered":"https:\/\/vecinosdelinterior.com\/?p=1274"},"modified":"2024-01-17T19:43:48","modified_gmt":"2024-01-17T22:43:48","slug":"este-miercoles-reabrio-el-parque-nacional-sierra-de-las-quijadas","status":"publish","type":"post","link":"https:\/\/vecinosdelinterior.com\/index.php\/2024\/01\/17\/este-miercoles-reabrio-el-parque-nacional-sierra-de-las-quijadas\/","title":{"rendered":"Este mi\u00e9rcoles reabri\u00f3 el Parque Nacional Sierra de las Quijadas"},"content":{"rendered":"\n<p>La reapertura se concret\u00f3 luego que concluyeran los trabajos de reparaci\u00f3n y reacondicionamiento de las zonas y senderos que fueron afectados por la tormenta d\u00edas atr\u00e1s.<\/p>\n\n\n\n<p>De acuerdo a lo informado en las redes oficiales del espacio natural, los senderos que por el momento se encuentran habilitados son: sendero Flora Aut\u00f3ctona, sendero Miradores y sendero Huellas del Pasado.<\/p>\n\n\n\n<figure class=\"wp-block-gallery has-nested-images columns-default is-cropped wp-block-gallery-1 is-layout-flex wp-block-gallery-is-layout-flex\">\n<figure class=\"wp-block-image size-large\"><img fetchpriority=\"high\" decoding=\"async\" width=\"1024\" height=\"843\" data-id=\"1276\" src=\"https:\/\/vecinosdelinterior.com\/wp-content\/uploads\/2024\/01\/foto-1-3-1024x843.jpg\" alt=\"\" class=\"wp-image-1276\" srcset=\"https:\/\/vecinosdelinterior.com\/wp-content\/uploads\/2024\/01\/foto-1-3-1024x843.jpg 1024w, https:\/\/vecinosdelinterior.com\/wp-content\/uploads\/2024\/01\/foto-1-3-300x247.jpg 300w, https:\/\/vecinosdelinterior.com\/wp-content\/uploads\/2024\/01\/foto-1-3-768x632.jpg 768w, https:\/\/vecinosdelinterior.com\/wp-content\/uploads\/2024\/01\/foto-1-3-750x617.jpg 750w, https:\/\/vecinosdelinterior.com\/wp-content\/uploads\/2024\/01\/foto-1-3-1140x938.jpg 1140w, https:\/\/vecinosdelinterior.com\/wp-content\/uploads\/2024\/01\/foto-1-3.jpg 1440w\" sizes=\"(max-width: 1024px) 100vw, 1024px\" \/><\/figure>\n\n\n\n<figure class=\"wp-block-image size-large\"><img decoding=\"async\" width=\"949\" height=\"633\" data-id=\"1275\" src=\"https:\/\/vecinosdelinterior.com\/wp-content\/uploads\/2024\/01\/IMG_4607.jpg\" alt=\"\" class=\"wp-image-1275\" srcset=\"https:\/\/vecinosdelinterior.com\/wp-content\/uploads\/2024\/01\/IMG_4607.jpg 949w, https:\/\/vecinosdelinterior.com\/wp-content\/uploads\/2024\/01\/IMG_4607-300x200.jpg 300w, https:\/\/vecinosdelinterior.com\/wp-content\/uploads\/2024\/01\/IMG_4607-768x512.jpg 768w, https:\/\/vecinosdelinterior.com\/wp-content\/uploads\/2024\/01\/IMG_4607-750x500.jpg 750w\" sizes=\"(max-width: 949px) 100vw, 949px\" \/><\/figure>\n<\/figure>\n\n\n\n<p>El Parque Nacional abre al p\u00fablico todos los d\u00edas, desde las 8:00 hasta las 17:00. Pero el tiempo de permanencia se extiende hasta las 18:30.<\/p>\n\n\n\n<p>Los farallones rojizos, en el coraz\u00f3n de la sierra rodeada por flora y fauna aut\u00f3ctona, atraen cada a\u00f1o a miles de turistas que recorren las huellas ancestrales de los dinosaurios y de las comunidades originarias en este anfiteatro natural, considerado tambi\u00e9n como el para\u00edso de los paleont\u00f3logos.<\/p>\n\n\n\n<p>Por otra parte, los visitantes tambi\u00e9n pueden disfrutar de una amplia variedad de comidas t\u00edpicas de la Comunidad Huarpe en la confiter\u00eda Posta del Cuyum.<\/p>\n\n\n\n<p>Es importante recordar que todas las excursiones deben reservarse previamente. Para consultas se recomienda comunicarse a las redes sociales del Parque o al e-mail sierradelasquijadas@apn.gob.ar.<\/p>\n\n\n\n<p>Impulsan proyectos para el Parque Nacional Sierra de las Quijadas<\/p>\n\n\n\n<p>El ministro de Turismo y Cultura, Juan Manuel Rigau, recibi\u00f3 a Pedro Lunello, intendente del Parque Nacional Sierra de las Quijadas, con el objetivo de potenciar esta zona \u00fanica y convocante por sus atractivos prehist\u00f3ricos.<\/p>\n\n\n\n<p>Acordaron trabajar en una agenda com\u00fan y formar una comisi\u00f3n peri\u00f3dica para tratar la restituci\u00f3n de restos \u00f3seos y la infraestructura de esta \u00e1rea protegida donde tambi\u00e9n habitan especies en peligro de extinci\u00f3n.<\/p>\n","protected":false},"excerpt":{"rendered":"<p>La reapertura se concret\u00f3 luego que concluyeran los trabajos de reparaci\u00f3n y reacondicionamiento de las zonas y senderos que fueron afectados por la tormenta d\u00edas atr\u00e1s. De acuerdo a lo informado en las redes oficiales del espacio natural, los senderos que por el momento se encuentran habilitados son: sendero Flora Aut\u00f3ctona, sendero Miradores y sendero [&hellip;]<\/p>\n","protected":false},"author":1,"featured_media":1275,"comment_status":"open","ping_status":"open","sticky":false,"template":"","format":"standard","meta":{"footnotes":""},"categories":[8],"tags":[338],"class_list":["post-1274","post","type-post","status-publish","format-standard","has-post-thumbnail","hentry","category-ayacucho","tag-sierra-de-las-quijadas"],"_links":{"self":[{"href":"https:\/\/vecinosdelinterior.com\/index.php\/wp-json\/wp\/v2\/posts\/1274","targetHints":{"allow":["GET"]}}],"collection":[{"href":"https:\/\/vecinosdelinterior.com\/index.php\/wp-json\/wp\/v2\/posts"}],"about":[{"href":"https:\/\/vecinosdelinterior.com\/index.php\/wp-json\/wp\/v2\/types\/post"}],"author":[{"embeddable":true,"href":"https:\/\/vecinosdelinterior.com\/index.php\/wp-json\/wp\/v2\/users\/1"}],"replies":[{"embeddable":true,"href":"https:\/\/vecinosdelinterior.com\/index.php\/wp-json\/wp\/v2\/comments?post=1274"}],"version-history":[{"count":1,"href":"https:\/\/vecinosdelinterior.com\/index.php\/wp-json\/wp\/v2\/posts\/1274\/revisions"}],"predecessor-version":[{"id":1277,"href":"https:\/\/vecinosdelinterior.com\/index.php\/wp-json\/wp\/v2\/posts\/1274\/revisions\/1277"}],"wp:featuredmedia":[{"embeddable":true,"href":"https:\/\/vecinosdelinterior.com\/index.php\/wp-json\/wp\/v2\/media\/1275"}],"wp:attachment":[{"href":"https:\/\/vecinosdelinterior.com\/index.php\/wp-json\/wp\/v2\/media?parent=1274"}],"wp:term":[{"taxonomy":"category","embeddable":true,"href":"https:\/\/vecinosdelinterior.com\/index.php\/wp-json\/wp\/v2\/categories?post=1274"},{"taxonomy":"post_tag","embeddable":true,"href":"https:\/\/vecinosdelinterior.com\/index.php\/wp-json\/wp\/v2\/tags?post=1274"}],"curies":[{"name":"wp","href":"https:\/\/api.w.org\/{rel}","templated":true}]}}