{"id":1281,"date":"2024-01-19T19:42:03","date_gmt":"2024-01-19T22:42:03","guid":{"rendered":"https:\/\/vecinosdelinterior.com\/?p=1281"},"modified":"2024-01-19T19:42:04","modified_gmt":"2024-01-19T22:42:04","slug":"llegan-los-domingos-familiares-a-naschel","status":"publish","type":"post","link":"https:\/\/vecinosdelinterior.com\/index.php\/2024\/01\/19\/llegan-los-domingos-familiares-a-naschel\/","title":{"rendered":"Llegan los \u2018Domingos Familiares\u2019 a Naschel"},"content":{"rendered":"\n<p>El primer encuentro se desarrollar\u00e1 este domingo, desde las 19:30, en la Plaza General San Mart\u00edn. La propuesta combinar\u00e1 espect\u00e1culos y entretenimiento. La entrada es libre y gratuita.<\/p>\n\n\n\n<p>\u201cVuelven los domingos familiares a la plaza. Tra\u00e9 tu reposera, el mate y todas las ganas de pasarla bien\u201d, invita la municipalidad de Naschel en sus redes sociales. La iniciativa se llevar\u00e1 adelante durante todos los domingos de la temporada de verano. Contar\u00e1 con shows musicales, juegos, puestos de artesanos y emprendedores, entre otras actividades.<\/p>\n\n\n\n<p>Para este domingo 21 de enero est\u00e1 prevista la actuaci\u00f3n de \u2018Chulo y Matute\u2019, que le brindar\u00e1n al p\u00fablico su repertorio de cuarteto y m\u00fasica tropical. Se espera una gran concurrencia de vecinos y turistas.<\/p>\n\n\n\n<figure class=\"wp-block-image size-full\"><img fetchpriority=\"high\" decoding=\"async\" width=\"630\" height=\"420\" src=\"https:\/\/vecinosdelinterior.com\/wp-content\/uploads\/2024\/01\/foto-2-5-630x420-1.jpg\" alt=\"\" class=\"wp-image-1282\" srcset=\"https:\/\/vecinosdelinterior.com\/wp-content\/uploads\/2024\/01\/foto-2-5-630x420-1.jpg 630w, https:\/\/vecinosdelinterior.com\/wp-content\/uploads\/2024\/01\/foto-2-5-630x420-1-300x200.jpg 300w\" sizes=\"(max-width: 630px) 100vw, 630px\" \/><\/figure>\n","protected":false},"excerpt":{"rendered":"<p>El primer encuentro se desarrollar\u00e1 este domingo, desde las 19:30, en la Plaza General San Mart\u00edn. La propuesta combinar\u00e1 espect\u00e1culos y entretenimiento. La entrada es libre y gratuita. \u201cVuelven los domingos familiares a la plaza. Tra\u00e9 tu reposera, el mate y todas las ganas de pasarla bien\u201d, invita la municipalidad de Naschel en sus redes [&hellip;]<\/p>\n","protected":false},"author":1,"featured_media":1282,"comment_status":"open","ping_status":"open","sticky":false,"template":"","format":"standard","meta":{"footnotes":""},"categories":[29,91],"tags":[333,119],"class_list":["post-1281","post","type-post","status-publish","format-standard","has-post-thumbnail","hentry","category-chacabuco","category-naschel","tag-festivales","tag-naschel"],"_links":{"self":[{"href":"https:\/\/vecinosdelinterior.com\/index.php\/wp-json\/wp\/v2\/posts\/1281","targetHints":{"allow":["GET"]}}],"collection":[{"href":"https:\/\/vecinosdelinterior.com\/index.php\/wp-json\/wp\/v2\/posts"}],"about":[{"href":"https:\/\/vecinosdelinterior.com\/index.php\/wp-json\/wp\/v2\/types\/post"}],"author":[{"embeddable":true,"href":"https:\/\/vecinosdelinterior.com\/index.php\/wp-json\/wp\/v2\/users\/1"}],"replies":[{"embeddable":true,"href":"https:\/\/vecinosdelinterior.com\/index.php\/wp-json\/wp\/v2\/comments?post=1281"}],"version-history":[{"count":1,"href":"https:\/\/vecinosdelinterior.com\/index.php\/wp-json\/wp\/v2\/posts\/1281\/revisions"}],"predecessor-version":[{"id":1283,"href":"https:\/\/vecinosdelinterior.com\/index.php\/wp-json\/wp\/v2\/posts\/1281\/revisions\/1283"}],"wp:featuredmedia":[{"embeddable":true,"href":"https:\/\/vecinosdelinterior.com\/index.php\/wp-json\/wp\/v2\/media\/1282"}],"wp:attachment":[{"href":"https:\/\/vecinosdelinterior.com\/index.php\/wp-json\/wp\/v2\/media?parent=1281"}],"wp:term":[{"taxonomy":"category","embeddable":true,"href":"https:\/\/vecinosdelinterior.com\/index.php\/wp-json\/wp\/v2\/categories?post=1281"},{"taxonomy":"post_tag","embeddable":true,"href":"https:\/\/vecinosdelinterior.com\/index.php\/wp-json\/wp\/v2\/tags?post=1281"}],"curies":[{"name":"wp","href":"https:\/\/api.w.org\/{rel}","templated":true}]}}