{"id":1295,"date":"2024-01-21T12:38:06","date_gmt":"2024-01-21T15:38:06","guid":{"rendered":"https:\/\/vecinosdelinterior.com\/?p=1295"},"modified":"2024-01-21T12:38:07","modified_gmt":"2024-01-21T15:38:07","slug":"realizaran-la-feria-cultural-del-comechingon-en-villa-del-carmen","status":"publish","type":"post","link":"https:\/\/vecinosdelinterior.com\/index.php\/2024\/01\/21\/realizaran-la-feria-cultural-del-comechingon-en-villa-del-carmen\/","title":{"rendered":"Realizar\u00e1n la Feria Cultural del Comeching\u00f3n en Villa del Carmen"},"content":{"rendered":"\n<p>El evento tendr\u00e1 lugar el s\u00e1bado 27 de enero, desde las 19:00, en la ,Plaza central San Mart\u00edn. La entrada es libre y gratuita.<br>La localidad ubicada en el departamento Chacabuco, ser\u00e1 epicentro de una festividad que contar\u00e1 con diversas actividades y atractivos para el p\u00fablico. Habr\u00e1 una amplia grilla de shows musicales, espect\u00e1culos de danza, puestos de artesanos y espacios gastron\u00f3micos.<br>La organizaci\u00f3n est\u00e1 a cargo de la Municipalidad de Villa del Carmen. Invitan a participar a turistas y vecinos de San Jos\u00e9 del Morro, La Punilla, Papagayos, Villa Larca, Cortaderas, Los Molles, Carpinter\u00eda y Merlo. A quienes concurran les recomiendan llevar su propia reposera.<br>Por mayor informaci\u00f3n, se pueden comunicar al e-mail direcciones@villadelcarmen.ar o al tel\u00e9fono 2664869931.<\/p>\n\n\n\n<p><\/p>\n\n\n\n<figure class=\"wp-block-image size-large\"><img fetchpriority=\"high\" decoding=\"async\" width=\"1024\" height=\"569\" src=\"https:\/\/vecinosdelinterior.com\/wp-content\/uploads\/2024\/01\/portada-3-1024x569.jpg\" alt=\"\" class=\"wp-image-1296\" srcset=\"https:\/\/vecinosdelinterior.com\/wp-content\/uploads\/2024\/01\/portada-3-1024x569.jpg 1024w, https:\/\/vecinosdelinterior.com\/wp-content\/uploads\/2024\/01\/portada-3-300x167.jpg 300w, https:\/\/vecinosdelinterior.com\/wp-content\/uploads\/2024\/01\/portada-3-768x427.jpg 768w, https:\/\/vecinosdelinterior.com\/wp-content\/uploads\/2024\/01\/portada-3-1536x853.jpg 1536w, https:\/\/vecinosdelinterior.com\/wp-content\/uploads\/2024\/01\/portada-3-750x417.jpg 750w, https:\/\/vecinosdelinterior.com\/wp-content\/uploads\/2024\/01\/portada-3-1140x633.jpg 1140w, https:\/\/vecinosdelinterior.com\/wp-content\/uploads\/2024\/01\/portada-3.jpg 1600w\" sizes=\"(max-width: 1024px) 100vw, 1024px\" \/><\/figure>\n","protected":false},"excerpt":{"rendered":"<p>El evento tendr\u00e1 lugar el s\u00e1bado 27 de enero, desde las 19:00, en la ,Plaza central San Mart\u00edn. La entrada es libre y gratuita.La localidad ubicada en el departamento Chacabuco, ser\u00e1 epicentro de una festividad que contar\u00e1 con diversas actividades y atractivos para el p\u00fablico. Habr\u00e1 una amplia grilla de shows musicales, espect\u00e1culos de danza, [&hellip;]<\/p>\n","protected":false},"author":1,"featured_media":1296,"comment_status":"open","ping_status":"open","sticky":false,"template":"","format":"standard","meta":{"footnotes":""},"categories":[29,31],"tags":[340],"class_list":["post-1295","post","type-post","status-publish","format-standard","has-post-thumbnail","hentry","category-chacabuco","category-villa-del-carmen","tag-feria-cultural-del-comechingon"],"_links":{"self":[{"href":"https:\/\/vecinosdelinterior.com\/index.php\/wp-json\/wp\/v2\/posts\/1295","targetHints":{"allow":["GET"]}}],"collection":[{"href":"https:\/\/vecinosdelinterior.com\/index.php\/wp-json\/wp\/v2\/posts"}],"about":[{"href":"https:\/\/vecinosdelinterior.com\/index.php\/wp-json\/wp\/v2\/types\/post"}],"author":[{"embeddable":true,"href":"https:\/\/vecinosdelinterior.com\/index.php\/wp-json\/wp\/v2\/users\/1"}],"replies":[{"embeddable":true,"href":"https:\/\/vecinosdelinterior.com\/index.php\/wp-json\/wp\/v2\/comments?post=1295"}],"version-history":[{"count":1,"href":"https:\/\/vecinosdelinterior.com\/index.php\/wp-json\/wp\/v2\/posts\/1295\/revisions"}],"predecessor-version":[{"id":1297,"href":"https:\/\/vecinosdelinterior.com\/index.php\/wp-json\/wp\/v2\/posts\/1295\/revisions\/1297"}],"wp:featuredmedia":[{"embeddable":true,"href":"https:\/\/vecinosdelinterior.com\/index.php\/wp-json\/wp\/v2\/media\/1296"}],"wp:attachment":[{"href":"https:\/\/vecinosdelinterior.com\/index.php\/wp-json\/wp\/v2\/media?parent=1295"}],"wp:term":[{"taxonomy":"category","embeddable":true,"href":"https:\/\/vecinosdelinterior.com\/index.php\/wp-json\/wp\/v2\/categories?post=1295"},{"taxonomy":"post_tag","embeddable":true,"href":"https:\/\/vecinosdelinterior.com\/index.php\/wp-json\/wp\/v2\/tags?post=1295"}],"curies":[{"name":"wp","href":"https:\/\/api.w.org\/{rel}","templated":true}]}}