{"id":1298,"date":"2024-01-21T12:55:36","date_gmt":"2024-01-21T15:55:36","guid":{"rendered":"https:\/\/vecinosdelinterior.com\/?p=1298"},"modified":"2024-02-09T14:59:01","modified_gmt":"2024-02-09T17:59:01","slug":"normalizacion-del-agua-potable-en-concaran","status":"publish","type":"post","link":"https:\/\/vecinosdelinterior.com\/index.php\/2024\/01\/21\/normalizacion-del-agua-potable-en-concaran\/","title":{"rendered":"Normalizaci\u00f3n del agua potable en Concar\u00e1n"},"content":{"rendered":"\n<p>COMUNICADO DE PRENSA\ud83d\udce2<br>Servicio de Agua Potable<br>La Municipalidad de Concar\u00e1n informa a la comunidad que, los inconvenientes con el servicio de agua potable est\u00e1n solucionados, por lo cual se estar\u00e1 normalizando el suministro en las pr\u00f3ximas horas.<\/p>\n","protected":false},"excerpt":{"rendered":"<p>COMUNICADO DE PRENSA\ud83d\udce2Servicio de Agua PotableLa Municipalidad de Concar\u00e1n informa a la comunidad que, los inconvenientes con el servicio de agua potable est\u00e1n solucionados, por lo cual se estar\u00e1 normalizando el suministro en las pr\u00f3ximas horas.<\/p>\n","protected":false},"author":1,"featured_media":1299,"comment_status":"open","ping_status":"open","sticky":false,"template":"","format":"standard","meta":{"footnotes":""},"categories":[29,223],"tags":[341,176],"class_list":["post-1298","post","type-post","status-publish","format-standard","has-post-thumbnail","hentry","category-chacabuco","category-concaran","tag-agua-potable","tag-medioambiente"],"_links":{"self":[{"href":"https:\/\/vecinosdelinterior.com\/index.php\/wp-json\/wp\/v2\/posts\/1298","targetHints":{"allow":["GET"]}}],"collection":[{"href":"https:\/\/vecinosdelinterior.com\/index.php\/wp-json\/wp\/v2\/posts"}],"about":[{"href":"https:\/\/vecinosdelinterior.com\/index.php\/wp-json\/wp\/v2\/types\/post"}],"author":[{"embeddable":true,"href":"https:\/\/vecinosdelinterior.com\/index.php\/wp-json\/wp\/v2\/users\/1"}],"replies":[{"embeddable":true,"href":"https:\/\/vecinosdelinterior.com\/index.php\/wp-json\/wp\/v2\/comments?post=1298"}],"version-history":[{"count":1,"href":"https:\/\/vecinosdelinterior.com\/index.php\/wp-json\/wp\/v2\/posts\/1298\/revisions"}],"predecessor-version":[{"id":1300,"href":"https:\/\/vecinosdelinterior.com\/index.php\/wp-json\/wp\/v2\/posts\/1298\/revisions\/1300"}],"wp:featuredmedia":[{"embeddable":true,"href":"https:\/\/vecinosdelinterior.com\/index.php\/wp-json\/wp\/v2\/media\/1299"}],"wp:attachment":[{"href":"https:\/\/vecinosdelinterior.com\/index.php\/wp-json\/wp\/v2\/media?parent=1298"}],"wp:term":[{"taxonomy":"category","embeddable":true,"href":"https:\/\/vecinosdelinterior.com\/index.php\/wp-json\/wp\/v2\/categories?post=1298"},{"taxonomy":"post_tag","embeddable":true,"href":"https:\/\/vecinosdelinterior.com\/index.php\/wp-json\/wp\/v2\/tags?post=1298"}],"curies":[{"name":"wp","href":"https:\/\/api.w.org\/{rel}","templated":true}]}}