{"id":1309,"date":"2024-01-23T15:46:34","date_gmt":"2024-01-23T18:46:34","guid":{"rendered":"https:\/\/vecinosdelinterior.com\/?p=1309"},"modified":"2024-01-23T15:49:28","modified_gmt":"2024-01-23T18:49:28","slug":"quines-se-prepara-para-celebrar-sus-tradicionales-carnavales","status":"publish","type":"post","link":"https:\/\/vecinosdelinterior.com\/index.php\/2024\/01\/23\/quines-se-prepara-para-celebrar-sus-tradicionales-carnavales\/","title":{"rendered":"Quines se prepara para celebrar sus tradicionales carnavales"},"content":{"rendered":"\n<p>Este 26 y 27 de enero y el 1\u00b0 y 2 de febrero, desde las 23:00 en la plaza \u2018Juan Cris\u00f3stomo Lafinur\u2019, la localidad vivir\u00e1 dos fines de semana a puro ritmo, color y alegr\u00eda. Habr\u00e1 stands de comidas y bebidas, puestos de artesanos locales y los shows de Trulal\u00e1, Eugenia Quevedo y la Banda de Carlitos, Tyago Griffo y Chipote.<\/p>\n\n\n\n<p>Los carnavales de Quines son el motivo perfecto para reunirse y disfrutar en familia. Como todos los a\u00f1os, la localidad se prepara para recibir a turistas de diferentes puntos del pa\u00eds y tambi\u00e9n a los puntanos, que disfrutan de la gastronom\u00eda t\u00edpica, los puestos de artesanos y las presentaciones de artistas locales y nacionales.<\/p>\n\n\n\n<p>Organizadas por la Municipalidad de Quines, las jornadas festivas se realizar\u00e1n el 26 y 27 de enero y el 1\u00b0 y 2 de febrero en la plaza \u2018Juan Cris\u00f3stomo Lafinur\u2019 a partir de las 23:00. Entre las comparsas locales confirmadas desfilar\u00e1n \u2018Las Perlitas de Caril\u00fa\u2019, \u2018Amanecer\u2019, \u2018Jorge y sus bailarinas\u2019, \u2018Vidalegre\u2019 y \u2018Estrella da Sorte\u2019.<\/p>\n\n\n\n<p>Al escenario subir\u00e1n Trulal\u00e1, Tyago Griffo, Eugenia Quevedo y la Banda de Carlitos, Chipote y los DJ Diffa y DJ Mat\u00edas Magall\u00e1n. El valor de la entrada general es de $3.000 y se podr\u00e1 adquirir \u00fanicamente por boleter\u00eda el d\u00eda del evento.<\/p>\n\n\n\n<p>\u201cPara los quinenses estas fechas significan un gran sentimiento que se vive y se comparte. Este a\u00f1o, el Municipio proyect\u00f3 actividades en conjunto con las comparsas. El objetivo es que nuestros artistas puedan brillar\u201d, asegur\u00f3 Jos\u00e9 Manuel Arce Dur\u00e1n, secretario de Cultura y Prensa de la municipalidad de Quines.<\/p>\n\n\n\n<figure class=\"wp-block-gallery has-nested-images columns-default is-cropped wp-block-gallery-1 is-layout-flex wp-block-gallery-is-layout-flex\">\n<figure class=\"wp-block-image size-large\"><img fetchpriority=\"high\" decoding=\"async\" width=\"724\" height=\"1024\" data-id=\"1310\" src=\"https:\/\/vecinosdelinterior.com\/wp-content\/uploads\/2024\/01\/a3847d85-68ee-4345-9d0c-8d45fe6f1ed3-724x1024.jpg\" alt=\"\" class=\"wp-image-1310\" srcset=\"https:\/\/vecinosdelinterior.com\/wp-content\/uploads\/2024\/01\/a3847d85-68ee-4345-9d0c-8d45fe6f1ed3-724x1024.jpg 724w, https:\/\/vecinosdelinterior.com\/wp-content\/uploads\/2024\/01\/a3847d85-68ee-4345-9d0c-8d45fe6f1ed3-212x300.jpg 212w, https:\/\/vecinosdelinterior.com\/wp-content\/uploads\/2024\/01\/a3847d85-68ee-4345-9d0c-8d45fe6f1ed3.jpg 740w\" sizes=\"(max-width: 724px) 100vw, 724px\" \/><\/figure>\n\n\n\n<figure class=\"wp-block-image size-large\"><img decoding=\"async\" width=\"724\" height=\"1024\" data-id=\"1311\" src=\"https:\/\/vecinosdelinterior.com\/wp-content\/uploads\/2024\/01\/7a8d5599-7493-499a-9417-f5abf6b1efe5-724x1024.jpg\" alt=\"\" class=\"wp-image-1311\" srcset=\"https:\/\/vecinosdelinterior.com\/wp-content\/uploads\/2024\/01\/7a8d5599-7493-499a-9417-f5abf6b1efe5-724x1024.jpg 724w, https:\/\/vecinosdelinterior.com\/wp-content\/uploads\/2024\/01\/7a8d5599-7493-499a-9417-f5abf6b1efe5-212x300.jpg 212w, https:\/\/vecinosdelinterior.com\/wp-content\/uploads\/2024\/01\/7a8d5599-7493-499a-9417-f5abf6b1efe5.jpg 740w\" sizes=\"(max-width: 724px) 100vw, 724px\" \/><\/figure>\n<\/figure>\n","protected":false},"excerpt":{"rendered":"<p>Este 26 y 27 de enero y el 1\u00b0 y 2 de febrero, desde las 23:00 en la plaza \u2018Juan Cris\u00f3stomo Lafinur\u2019, la localidad vivir\u00e1 dos fines de semana a puro ritmo, color y alegr\u00eda. Habr\u00e1 stands de comidas y bebidas, puestos de artesanos locales y los shows de Trulal\u00e1, Eugenia Quevedo y la Banda [&hellip;]<\/p>\n","protected":false},"author":1,"featured_media":1312,"comment_status":"open","ping_status":"open","sticky":false,"template":"","format":"standard","meta":{"footnotes":""},"categories":[8,54],"tags":[333],"class_list":["post-1309","post","type-post","status-publish","format-standard","has-post-thumbnail","hentry","category-ayacucho","category-quines-ayacucho","tag-festivales"],"_links":{"self":[{"href":"https:\/\/vecinosdelinterior.com\/index.php\/wp-json\/wp\/v2\/posts\/1309","targetHints":{"allow":["GET"]}}],"collection":[{"href":"https:\/\/vecinosdelinterior.com\/index.php\/wp-json\/wp\/v2\/posts"}],"about":[{"href":"https:\/\/vecinosdelinterior.com\/index.php\/wp-json\/wp\/v2\/types\/post"}],"author":[{"embeddable":true,"href":"https:\/\/vecinosdelinterior.com\/index.php\/wp-json\/wp\/v2\/users\/1"}],"replies":[{"embeddable":true,"href":"https:\/\/vecinosdelinterior.com\/index.php\/wp-json\/wp\/v2\/comments?post=1309"}],"version-history":[{"count":1,"href":"https:\/\/vecinosdelinterior.com\/index.php\/wp-json\/wp\/v2\/posts\/1309\/revisions"}],"predecessor-version":[{"id":1313,"href":"https:\/\/vecinosdelinterior.com\/index.php\/wp-json\/wp\/v2\/posts\/1309\/revisions\/1313"}],"wp:featuredmedia":[{"embeddable":true,"href":"https:\/\/vecinosdelinterior.com\/index.php\/wp-json\/wp\/v2\/media\/1312"}],"wp:attachment":[{"href":"https:\/\/vecinosdelinterior.com\/index.php\/wp-json\/wp\/v2\/media?parent=1309"}],"wp:term":[{"taxonomy":"category","embeddable":true,"href":"https:\/\/vecinosdelinterior.com\/index.php\/wp-json\/wp\/v2\/categories?post=1309"},{"taxonomy":"post_tag","embeddable":true,"href":"https:\/\/vecinosdelinterior.com\/index.php\/wp-json\/wp\/v2\/tags?post=1309"}],"curies":[{"name":"wp","href":"https:\/\/api.w.org\/{rel}","templated":true}]}}