{"id":1323,"date":"2024-01-24T21:21:48","date_gmt":"2024-01-25T00:21:48","guid":{"rendered":"https:\/\/vecinosdelinterior.com\/?p=1323"},"modified":"2024-01-24T21:21:49","modified_gmt":"2024-01-25T00:21:49","slug":"robaron-la-camioneta-del-exintendente-de-los-molles","status":"publish","type":"post","link":"https:\/\/vecinosdelinterior.com\/index.php\/2024\/01\/24\/robaron-la-camioneta-del-exintendente-de-los-molles\/","title":{"rendered":"Robaron la camioneta del exintendente de Los Molles"},"content":{"rendered":"\n<p><\/p>\n\n\n\n<p>El exintendente de Los Molles, H\u00e9ctor \u201cLalo\u201d Urquiza fue v\u00edctima de la inseguridad. Sucedi\u00f3 este martes a la noche, cuando ladrones ingresaron a su campo, ubicado en la zona de El Talar y le sustrajeron su camioneta marca Toyota Hilux. Para llev\u00e1rsela, los malvivientes, luego de ingresar a la propiedad cortando los alambres perimetrales, forzaron el port\u00f3n del dep\u00f3sito donde estaba guardado el veh\u00edculo.<\/p>\n\n\n\n<p>Sin embargo, no fue el \u00fanico da\u00f1o que produjeron. Tras el hecho, Urquiza se encontr\u00f3 con que los delincuentes tambi\u00e9n le mataron siete de sus animales (cinco lechones y dos gansos), que encontr\u00f3 alojados dentro de un tacho.<\/p>\n\n\n\n<p>\u00abLa verdad que estoy sorprendido porque, m\u00e1s all\u00e1 de que uno siempre ha estado en la pol\u00edtica, no tengo problemas con la gente. No lo puedo creer\u00bb, dijo el exintendente a un medio de Merlo, al que tambi\u00e9n confirm\u00f3 que realiz\u00f3 la denuncia policial correspondiente.<\/p>\n\n\n\n<p>La camioneta sustra\u00edda es una Toyota Hilux del a\u00f1o 2017, roja, patente AA968RF.<\/p>\n\n\n\n<figure class=\"wp-block-image size-large\"><img fetchpriority=\"high\" decoding=\"async\" width=\"619\" height=\"1024\" src=\"https:\/\/vecinosdelinterior.com\/wp-content\/uploads\/2024\/01\/WhatsApp-Image-2024-01-24-at-12.49.40-619x1024.webp\" alt=\"\" class=\"wp-image-1324\" srcset=\"https:\/\/vecinosdelinterior.com\/wp-content\/uploads\/2024\/01\/WhatsApp-Image-2024-01-24-at-12.49.40-619x1024.webp 619w, https:\/\/vecinosdelinterior.com\/wp-content\/uploads\/2024\/01\/WhatsApp-Image-2024-01-24-at-12.49.40-181x300.webp 181w, https:\/\/vecinosdelinterior.com\/wp-content\/uploads\/2024\/01\/WhatsApp-Image-2024-01-24-at-12.49.40-768x1270.webp 768w, https:\/\/vecinosdelinterior.com\/wp-content\/uploads\/2024\/01\/WhatsApp-Image-2024-01-24-at-12.49.40-750x1240.webp 750w, https:\/\/vecinosdelinterior.com\/wp-content\/uploads\/2024\/01\/WhatsApp-Image-2024-01-24-at-12.49.40.webp 774w\" sizes=\"(max-width: 619px) 100vw, 619px\" \/><\/figure>\n","protected":false},"excerpt":{"rendered":"<p>El exintendente de Los Molles, H\u00e9ctor \u201cLalo\u201d Urquiza fue v\u00edctima de la inseguridad. Sucedi\u00f3 este martes a la noche, cuando ladrones ingresaron a su campo, ubicado en la zona de El Talar y le sustrajeron su camioneta marca Toyota Hilux. Para llev\u00e1rsela, los malvivientes, luego de ingresar a la propiedad cortando los alambres perimetrales, forzaron [&hellip;]<\/p>\n","protected":false},"author":1,"featured_media":1325,"comment_status":"open","ping_status":"open","sticky":false,"template":"","format":"standard","meta":{"footnotes":""},"categories":[23,24],"tags":[25,60],"class_list":["post-1323","post","type-post","status-publish","format-standard","has-post-thumbnail","hentry","category-junin","category-los-molles","tag-los-molles","tag-robo"],"_links":{"self":[{"href":"https:\/\/vecinosdelinterior.com\/index.php\/wp-json\/wp\/v2\/posts\/1323","targetHints":{"allow":["GET"]}}],"collection":[{"href":"https:\/\/vecinosdelinterior.com\/index.php\/wp-json\/wp\/v2\/posts"}],"about":[{"href":"https:\/\/vecinosdelinterior.com\/index.php\/wp-json\/wp\/v2\/types\/post"}],"author":[{"embeddable":true,"href":"https:\/\/vecinosdelinterior.com\/index.php\/wp-json\/wp\/v2\/users\/1"}],"replies":[{"embeddable":true,"href":"https:\/\/vecinosdelinterior.com\/index.php\/wp-json\/wp\/v2\/comments?post=1323"}],"version-history":[{"count":1,"href":"https:\/\/vecinosdelinterior.com\/index.php\/wp-json\/wp\/v2\/posts\/1323\/revisions"}],"predecessor-version":[{"id":1326,"href":"https:\/\/vecinosdelinterior.com\/index.php\/wp-json\/wp\/v2\/posts\/1323\/revisions\/1326"}],"wp:featuredmedia":[{"embeddable":true,"href":"https:\/\/vecinosdelinterior.com\/index.php\/wp-json\/wp\/v2\/media\/1325"}],"wp:attachment":[{"href":"https:\/\/vecinosdelinterior.com\/index.php\/wp-json\/wp\/v2\/media?parent=1323"}],"wp:term":[{"taxonomy":"category","embeddable":true,"href":"https:\/\/vecinosdelinterior.com\/index.php\/wp-json\/wp\/v2\/categories?post=1323"},{"taxonomy":"post_tag","embeddable":true,"href":"https:\/\/vecinosdelinterior.com\/index.php\/wp-json\/wp\/v2\/tags?post=1323"}],"curies":[{"name":"wp","href":"https:\/\/api.w.org\/{rel}","templated":true}]}}