{"id":1331,"date":"2024-01-25T15:19:00","date_gmt":"2024-01-25T18:19:00","guid":{"rendered":"https:\/\/vecinosdelinterior.com\/?p=1331"},"modified":"2024-01-25T15:19:00","modified_gmt":"2024-01-25T18:19:00","slug":"aparecio-quemada-la-camioneta-que-habia-sido-robada-en-los-molles","status":"publish","type":"post","link":"https:\/\/vecinosdelinterior.com\/index.php\/2024\/01\/25\/aparecio-quemada-la-camioneta-que-habia-sido-robada-en-los-molles\/","title":{"rendered":"Apareci\u00f3 quemada la camioneta que hab\u00eda sido robada en Los Molles"},"content":{"rendered":"\n<p>www.vecinosdelinterior.com \/ 25 de enero de 2024<br>El veh\u00edculo apareci\u00f3 este mi\u00e9rcoles en horas de la tarde totalmente quemado, en el campo \u201cEl Ca\u00f1averal\u201d, en cercan\u00edas a la localidad de Concar\u00e1n. La desaparici\u00f3n de la camioneta -una Toyota Hilux- hab\u00eda sido denunciada por su due\u00f1o, H\u00e9ctor Aureliano Urquiza. <\/p>\n\n\n\n<p>Seg\u00fan lo aportado por el denunciante, a las 19:00 del martes 23 de enero hab\u00eda dejado el veh\u00edculo estacionado con las medidas de seguridad dentro de su campo, ubicado sobre ruta N\u00b0 1. Este mi\u00e9rcoles a las 7:00, el hombre se percat\u00f3 que le hab\u00edan robado el rodado. <\/p>\n\n\n\n<p>En el lugar observ\u00f3 vidrios que ser\u00edan de uno de los cristales de la camioneta y, adem\u00e1s, constat\u00f3 que las llaves del veh\u00edculo (las cuales hab\u00eda dejado en un armario que se encontraba en un galp\u00f3n) no estaban. Urquiza tambi\u00e9n hab\u00eda manifestado que en una recorrida que hizo por su campo encontr\u00f3 varios animales muertos. Personal de la comisar\u00eda de Carpinter\u00eda junto al Departamento de Investigaciones trabajaron en el hecho. Interviene la Unidad de Abordaje Fiscal de la Tercera Circunscripci\u00f3n Judicial, que dirige la Dra. D\u00e9bora Roy Gitto.<\/p>\n\n\n\n<figure class=\"wp-block-gallery has-nested-images columns-default is-cropped wp-block-gallery-1 is-layout-flex wp-block-gallery-is-layout-flex\">\n<figure class=\"wp-block-image size-large\"><img fetchpriority=\"high\" decoding=\"async\" width=\"960\" height=\"685\" data-id=\"1334\" src=\"https:\/\/vecinosdelinterior.com\/wp-content\/uploads\/2024\/01\/421533514_236846646132696_7749872460775908707_n.jpg\" alt=\"\" class=\"wp-image-1334\" srcset=\"https:\/\/vecinosdelinterior.com\/wp-content\/uploads\/2024\/01\/421533514_236846646132696_7749872460775908707_n.jpg 960w, https:\/\/vecinosdelinterior.com\/wp-content\/uploads\/2024\/01\/421533514_236846646132696_7749872460775908707_n-300x214.jpg 300w, https:\/\/vecinosdelinterior.com\/wp-content\/uploads\/2024\/01\/421533514_236846646132696_7749872460775908707_n-768x548.jpg 768w, https:\/\/vecinosdelinterior.com\/wp-content\/uploads\/2024\/01\/421533514_236846646132696_7749872460775908707_n-120x86.jpg 120w, https:\/\/vecinosdelinterior.com\/wp-content\/uploads\/2024\/01\/421533514_236846646132696_7749872460775908707_n-350x250.jpg 350w, https:\/\/vecinosdelinterior.com\/wp-content\/uploads\/2024\/01\/421533514_236846646132696_7749872460775908707_n-750x535.jpg 750w\" sizes=\"(max-width: 960px) 100vw, 960px\" \/><\/figure>\n\n\n\n<figure class=\"wp-block-image size-large\"><img decoding=\"async\" width=\"714\" height=\"473\" data-id=\"1332\" src=\"https:\/\/vecinosdelinterior.com\/wp-content\/uploads\/2024\/01\/421553968_236846609466033_710915505195152319_n.jpg\" alt=\"\" class=\"wp-image-1332\" srcset=\"https:\/\/vecinosdelinterior.com\/wp-content\/uploads\/2024\/01\/421553968_236846609466033_710915505195152319_n.jpg 714w, https:\/\/vecinosdelinterior.com\/wp-content\/uploads\/2024\/01\/421553968_236846609466033_710915505195152319_n-300x199.jpg 300w\" sizes=\"(max-width: 714px) 100vw, 714px\" \/><\/figure>\n\n\n\n<figure class=\"wp-block-image size-large\"><img decoding=\"async\" width=\"619\" height=\"1024\" data-id=\"1333\" src=\"https:\/\/vecinosdelinterior.com\/wp-content\/uploads\/2024\/01\/WhatsApp-Image-2024-01-24-at-12.49.40-1-619x1024.webp\" alt=\"\" class=\"wp-image-1333\" srcset=\"https:\/\/vecinosdelinterior.com\/wp-content\/uploads\/2024\/01\/WhatsApp-Image-2024-01-24-at-12.49.40-1-619x1024.webp 619w, https:\/\/vecinosdelinterior.com\/wp-content\/uploads\/2024\/01\/WhatsApp-Image-2024-01-24-at-12.49.40-1-181x300.webp 181w, https:\/\/vecinosdelinterior.com\/wp-content\/uploads\/2024\/01\/WhatsApp-Image-2024-01-24-at-12.49.40-1-768x1270.webp 768w, https:\/\/vecinosdelinterior.com\/wp-content\/uploads\/2024\/01\/WhatsApp-Image-2024-01-24-at-12.49.40-1-750x1240.webp 750w, https:\/\/vecinosdelinterior.com\/wp-content\/uploads\/2024\/01\/WhatsApp-Image-2024-01-24-at-12.49.40-1.webp 774w\" sizes=\"(max-width: 619px) 100vw, 619px\" \/><\/figure>\n<\/figure>\n","protected":false},"excerpt":{"rendered":"<p>www.vecinosdelinterior.com \/ 25 de enero de 2024El veh\u00edculo apareci\u00f3 este mi\u00e9rcoles en horas de la tarde totalmente quemado, en el campo \u201cEl Ca\u00f1averal\u201d, en cercan\u00edas a la localidad de Concar\u00e1n. La desaparici\u00f3n de la camioneta -una Toyota Hilux- hab\u00eda sido denunciada por su due\u00f1o, H\u00e9ctor Aureliano Urquiza. Seg\u00fan lo aportado por el denunciante, a las [&hellip;]<\/p>\n","protected":false},"author":1,"featured_media":1334,"comment_status":"open","ping_status":"open","sticky":false,"template":"","format":"standard","meta":{"footnotes":""},"categories":[23,24],"tags":[],"class_list":["post-1331","post","type-post","status-publish","format-standard","has-post-thumbnail","hentry","category-junin","category-los-molles"],"_links":{"self":[{"href":"https:\/\/vecinosdelinterior.com\/index.php\/wp-json\/wp\/v2\/posts\/1331","targetHints":{"allow":["GET"]}}],"collection":[{"href":"https:\/\/vecinosdelinterior.com\/index.php\/wp-json\/wp\/v2\/posts"}],"about":[{"href":"https:\/\/vecinosdelinterior.com\/index.php\/wp-json\/wp\/v2\/types\/post"}],"author":[{"embeddable":true,"href":"https:\/\/vecinosdelinterior.com\/index.php\/wp-json\/wp\/v2\/users\/1"}],"replies":[{"embeddable":true,"href":"https:\/\/vecinosdelinterior.com\/index.php\/wp-json\/wp\/v2\/comments?post=1331"}],"version-history":[{"count":1,"href":"https:\/\/vecinosdelinterior.com\/index.php\/wp-json\/wp\/v2\/posts\/1331\/revisions"}],"predecessor-version":[{"id":1335,"href":"https:\/\/vecinosdelinterior.com\/index.php\/wp-json\/wp\/v2\/posts\/1331\/revisions\/1335"}],"wp:featuredmedia":[{"embeddable":true,"href":"https:\/\/vecinosdelinterior.com\/index.php\/wp-json\/wp\/v2\/media\/1334"}],"wp:attachment":[{"href":"https:\/\/vecinosdelinterior.com\/index.php\/wp-json\/wp\/v2\/media?parent=1331"}],"wp:term":[{"taxonomy":"category","embeddable":true,"href":"https:\/\/vecinosdelinterior.com\/index.php\/wp-json\/wp\/v2\/categories?post=1331"},{"taxonomy":"post_tag","embeddable":true,"href":"https:\/\/vecinosdelinterior.com\/index.php\/wp-json\/wp\/v2\/tags?post=1331"}],"curies":[{"name":"wp","href":"https:\/\/api.w.org\/{rel}","templated":true}]}}