{"id":1336,"date":"2024-01-26T10:44:36","date_gmt":"2024-01-26T13:44:36","guid":{"rendered":"https:\/\/vecinosdelinterior.com\/?p=1336"},"modified":"2024-01-26T10:44:37","modified_gmt":"2024-01-26T13:44:37","slug":"en-el-interior-de-la-provincia-es-donde-se-sintio-mas-la-ola-de-calor","status":"publish","type":"post","link":"https:\/\/vecinosdelinterior.com\/index.php\/2024\/01\/26\/en-el-interior-de-la-provincia-es-donde-se-sintio-mas-la-ola-de-calor\/","title":{"rendered":"En el interior de la provincia es donde se sinti\u00f3 m\u00e1s la ola de calor"},"content":{"rendered":"\n<p>Villa General Roca fue la localidad donde se registr\u00f3 el pico m\u00e1ximo de calor.<\/p>\n\n\n\n<p>La provincia est\u00e1 incluida entre las regiones del pa\u00eds bajo alerta amarilla por calor extremo, que en las \u00faltimas 24 horas lleg\u00f3 a niveles insoportables ante la imposibilidad de acceder a un chapuz\u00f3n o de un equipo de aire acondicionado.<\/p>\n\n\n\n<p>Seg\u00fan datos de la Red de Estaciones Meteorol\u00f3gicas (REM), Villa General Roca -localidad cabecera del departamento Belgrano- registr\u00f3 el infernal pico de 45 grados (\u00b0C), seguida Desaguadero con 40\u00b0C; mientras que en Zanjitas y Los Coros el term\u00f3metro marc\u00f3 39\u00b0C. En Mart\u00edn de Loyola, La Tranca, Lafinur, Uni\u00f3n Santa Rosa y Quines, la m\u00e1xima alcanz\u00f3 los 38\u00b0C.<\/p>\n","protected":false},"excerpt":{"rendered":"<p>Villa General Roca fue la localidad donde se registr\u00f3 el pico m\u00e1ximo de calor. La provincia est\u00e1 incluida entre las regiones del pa\u00eds bajo alerta amarilla por calor extremo, que en las \u00faltimas 24 horas lleg\u00f3 a niveles insoportables ante la imposibilidad de acceder a un chapuz\u00f3n o de un equipo de aire acondicionado. Seg\u00fan [&hellip;]<\/p>\n","protected":false},"author":1,"featured_media":1337,"comment_status":"open","ping_status":"open","sticky":false,"template":"","format":"standard","meta":{"footnotes":""},"categories":[92,343],"tags":[],"class_list":["post-1336","post","type-post","status-publish","format-standard","has-post-thumbnail","hentry","category-belgrano","category-villa-general-roca"],"_links":{"self":[{"href":"https:\/\/vecinosdelinterior.com\/index.php\/wp-json\/wp\/v2\/posts\/1336","targetHints":{"allow":["GET"]}}],"collection":[{"href":"https:\/\/vecinosdelinterior.com\/index.php\/wp-json\/wp\/v2\/posts"}],"about":[{"href":"https:\/\/vecinosdelinterior.com\/index.php\/wp-json\/wp\/v2\/types\/post"}],"author":[{"embeddable":true,"href":"https:\/\/vecinosdelinterior.com\/index.php\/wp-json\/wp\/v2\/users\/1"}],"replies":[{"embeddable":true,"href":"https:\/\/vecinosdelinterior.com\/index.php\/wp-json\/wp\/v2\/comments?post=1336"}],"version-history":[{"count":1,"href":"https:\/\/vecinosdelinterior.com\/index.php\/wp-json\/wp\/v2\/posts\/1336\/revisions"}],"predecessor-version":[{"id":1338,"href":"https:\/\/vecinosdelinterior.com\/index.php\/wp-json\/wp\/v2\/posts\/1336\/revisions\/1338"}],"wp:featuredmedia":[{"embeddable":true,"href":"https:\/\/vecinosdelinterior.com\/index.php\/wp-json\/wp\/v2\/media\/1337"}],"wp:attachment":[{"href":"https:\/\/vecinosdelinterior.com\/index.php\/wp-json\/wp\/v2\/media?parent=1336"}],"wp:term":[{"taxonomy":"category","embeddable":true,"href":"https:\/\/vecinosdelinterior.com\/index.php\/wp-json\/wp\/v2\/categories?post=1336"},{"taxonomy":"post_tag","embeddable":true,"href":"https:\/\/vecinosdelinterior.com\/index.php\/wp-json\/wp\/v2\/tags?post=1336"}],"curies":[{"name":"wp","href":"https:\/\/api.w.org\/{rel}","templated":true}]}}