{"id":1342,"date":"2024-01-27T13:52:36","date_gmt":"2024-01-27T16:52:36","guid":{"rendered":"https:\/\/vecinosdelinterior.com\/?p=1342"},"modified":"2024-01-27T13:52:36","modified_gmt":"2024-01-27T16:52:36","slug":"un-hombre-resulto-herido-tras-volcar-con-su-auto-en-renca","status":"publish","type":"post","link":"https:\/\/vecinosdelinterior.com\/index.php\/2024\/01\/27\/un-hombre-resulto-herido-tras-volcar-con-su-auto-en-renca\/","title":{"rendered":"Un hombre result\u00f3 herido tras volcar con su auto en Renca"},"content":{"rendered":"\n<p><\/p>\n\n\n\n<p>Un hombre sufri\u00f3 heridas este s\u00e1bado por la ma\u00f1ana tras volcar con su veh\u00edculo en el ingreso a la localidad de Renca.<\/p>\n\n\n\n<p>El hombre circulaba en un auto Volkswagen Gol cuando, por razones que se tratan de establecer, perdi\u00f3 el control e impact\u00f3 contra un cantero central.<\/p>\n\n\n\n<p>El \u00fanico ocupante fue rescatado por bomberos y polic\u00edas, y fue trasladado por personal de salud al Hospital de Tilisarao<\/p>\n\n\n\n<p>Trabajaron en el lugar personal policial, bomberos de Renca y de Tilisarao.<\/p>\n","protected":false},"excerpt":{"rendered":"<p>Un hombre sufri\u00f3 heridas este s\u00e1bado por la ma\u00f1ana tras volcar con su veh\u00edculo en el ingreso a la localidad de Renca. El hombre circulaba en un auto Volkswagen Gol cuando, por razones que se tratan de establecer, perdi\u00f3 el control e impact\u00f3 contra un cantero central. El \u00fanico ocupante fue rescatado por bomberos y [&hellip;]<\/p>\n","protected":false},"author":1,"featured_media":1343,"comment_status":"open","ping_status":"open","sticky":false,"template":"","format":"standard","meta":{"footnotes":""},"categories":[29,220],"tags":[95,302],"class_list":["post-1342","post","type-post","status-publish","format-standard","has-post-thumbnail","hentry","category-chacabuco","category-renca","tag-accidente-vial","tag-renca"],"_links":{"self":[{"href":"https:\/\/vecinosdelinterior.com\/index.php\/wp-json\/wp\/v2\/posts\/1342","targetHints":{"allow":["GET"]}}],"collection":[{"href":"https:\/\/vecinosdelinterior.com\/index.php\/wp-json\/wp\/v2\/posts"}],"about":[{"href":"https:\/\/vecinosdelinterior.com\/index.php\/wp-json\/wp\/v2\/types\/post"}],"author":[{"embeddable":true,"href":"https:\/\/vecinosdelinterior.com\/index.php\/wp-json\/wp\/v2\/users\/1"}],"replies":[{"embeddable":true,"href":"https:\/\/vecinosdelinterior.com\/index.php\/wp-json\/wp\/v2\/comments?post=1342"}],"version-history":[{"count":1,"href":"https:\/\/vecinosdelinterior.com\/index.php\/wp-json\/wp\/v2\/posts\/1342\/revisions"}],"predecessor-version":[{"id":1344,"href":"https:\/\/vecinosdelinterior.com\/index.php\/wp-json\/wp\/v2\/posts\/1342\/revisions\/1344"}],"wp:featuredmedia":[{"embeddable":true,"href":"https:\/\/vecinosdelinterior.com\/index.php\/wp-json\/wp\/v2\/media\/1343"}],"wp:attachment":[{"href":"https:\/\/vecinosdelinterior.com\/index.php\/wp-json\/wp\/v2\/media?parent=1342"}],"wp:term":[{"taxonomy":"category","embeddable":true,"href":"https:\/\/vecinosdelinterior.com\/index.php\/wp-json\/wp\/v2\/categories?post=1342"},{"taxonomy":"post_tag","embeddable":true,"href":"https:\/\/vecinosdelinterior.com\/index.php\/wp-json\/wp\/v2\/tags?post=1342"}],"curies":[{"name":"wp","href":"https:\/\/api.w.org\/{rel}","templated":true}]}}