{"id":1353,"date":"2024-01-29T16:21:09","date_gmt":"2024-01-29T19:21:09","guid":{"rendered":"https:\/\/vecinosdelinterior.com\/?p=1353"},"modified":"2024-02-09T14:58:18","modified_gmt":"2024-02-09T17:58:18","slug":"una-escuela-de-natacion-de-concaran-participo-de-la-carrera-entre-2-escolleras-en-mar-del-plata","status":"publish","type":"post","link":"https:\/\/vecinosdelinterior.com\/index.php\/2024\/01\/29\/una-escuela-de-natacion-de-concaran-participo-de-la-carrera-entre-2-escolleras-en-mar-del-plata\/","title":{"rendered":"Una escuela de nataci\u00f3n de Concar\u00e1n particip\u00f3 de la carrera \u2018Entre 2 Escolleras\u2019 en Mar del Plata"},"content":{"rendered":"\n<p>La delegaci\u00f3n de G.E.A. Concar\u00e1n con alrededor de 14 nadadores participaron de la carrera \u2018Entre 2 Escolleras\u2019 en Mar del Plata este domingo, en la que hubo m\u00e1s de 650 participantes de todo el pa\u00eds.<br>El club N\u00e1utico Mar del Plata realiz\u00f3 su tradicional carrera de nataci\u00f3n, pero edici\u00f3n 2024 en aguas abiertas. La competencia consist\u00eda en recorrer distancias que fueron de 2.8 y 1.2 kil\u00f3metros.<br>El profesor y nadador de G.E.A. Concar\u00e1n, Tomas Pereira, tuvo una actuaci\u00f3n destacada y se llev\u00f3 el primer puesto en su categor\u00eda, mientras que, segunda posici\u00f3n logr\u00f3 en general.<br>La Organizaci\u00f3n dejo sus palabras de agradecimientos en sus redes \u00abM\u00e1s de 600 personas fueron parte de esta edici\u00f3n 2024 y queremos agradecerles a cada uno de los competidores, de las familias que acompa\u00f1aron, a los auspiciantes y a todos por ser parte de una ma\u00f1ana incre\u00edble en nuestra ciudad\u00bb.<br>La entrenadora a cargo del grupo de nataci\u00f3n de San Luis fue Silvia Ferreyra y el listado de nadadores de San Luis que participaron y acompa\u00f1aron en esta competencia son: Gustavo Ronchetti, Malena Aguilera, Facundo Aguilera, Marcelo Baracco, Clara Baracco, Valentina Casanova, Tatiana Rosales, Sergio Rosales, Nicolas Torres, Ivan Sosa, Virginia Conte y Carlos Prizzi.<\/p>\n\n\n\n<p><\/p>\n\n\n\n<figure class=\"wp-block-gallery has-nested-images columns-default is-cropped wp-block-gallery-1 is-layout-flex wp-block-gallery-is-layout-flex\">\n<figure class=\"wp-block-image size-large\"><img fetchpriority=\"high\" decoding=\"async\" width=\"768\" height=\"363\" data-id=\"1354\" src=\"https:\/\/vecinosdelinterior.com\/wp-content\/uploads\/2024\/01\/nataciongea2.webp\" alt=\"\" class=\"wp-image-1354\" srcset=\"https:\/\/vecinosdelinterior.com\/wp-content\/uploads\/2024\/01\/nataciongea2.webp 768w, https:\/\/vecinosdelinterior.com\/wp-content\/uploads\/2024\/01\/nataciongea2-300x142.webp 300w, https:\/\/vecinosdelinterior.com\/wp-content\/uploads\/2024\/01\/nataciongea2-750x354.webp 750w\" sizes=\"(max-width: 768px) 100vw, 768px\" \/><\/figure>\n\n\n\n<figure class=\"wp-block-image size-large\"><img decoding=\"async\" width=\"1024\" height=\"768\" data-id=\"1355\" src=\"https:\/\/vecinosdelinterior.com\/wp-content\/uploads\/2024\/01\/natacion-gea-1024x768.webp\" alt=\"\" class=\"wp-image-1355\" srcset=\"https:\/\/vecinosdelinterior.com\/wp-content\/uploads\/2024\/01\/natacion-gea-1024x768.webp 1024w, https:\/\/vecinosdelinterior.com\/wp-content\/uploads\/2024\/01\/natacion-gea-300x225.webp 300w, https:\/\/vecinosdelinterior.com\/wp-content\/uploads\/2024\/01\/natacion-gea-768x576.webp 768w, https:\/\/vecinosdelinterior.com\/wp-content\/uploads\/2024\/01\/natacion-gea-750x563.webp 750w, https:\/\/vecinosdelinterior.com\/wp-content\/uploads\/2024\/01\/natacion-gea-1140x855.webp 1140w, https:\/\/vecinosdelinterior.com\/wp-content\/uploads\/2024\/01\/natacion-gea.webp 1440w\" sizes=\"(max-width: 1024px) 100vw, 1024px\" \/><\/figure>\n<\/figure>\n","protected":false},"excerpt":{"rendered":"<p>La delegaci\u00f3n de G.E.A. Concar\u00e1n con alrededor de 14 nadadores participaron de la carrera \u2018Entre 2 Escolleras\u2019 en Mar del Plata este domingo, en la que hubo m\u00e1s de 650 participantes de todo el pa\u00eds.El club N\u00e1utico Mar del Plata realiz\u00f3 su tradicional carrera de nataci\u00f3n, pero edici\u00f3n 2024 en aguas abiertas. La competencia consist\u00eda [&hellip;]<\/p>\n","protected":false},"author":1,"featured_media":1354,"comment_status":"open","ping_status":"open","sticky":false,"template":"","format":"standard","meta":{"footnotes":""},"categories":[29,223],"tags":[348,349,7],"class_list":["post-1353","post","type-post","status-publish","format-standard","has-post-thumbnail","hentry","category-chacabuco","category-concaran","tag-carrera-entre-2-escolleras","tag-delegacion-de-g-e-a-concaran","tag-juventudes"],"_links":{"self":[{"href":"https:\/\/vecinosdelinterior.com\/index.php\/wp-json\/wp\/v2\/posts\/1353","targetHints":{"allow":["GET"]}}],"collection":[{"href":"https:\/\/vecinosdelinterior.com\/index.php\/wp-json\/wp\/v2\/posts"}],"about":[{"href":"https:\/\/vecinosdelinterior.com\/index.php\/wp-json\/wp\/v2\/types\/post"}],"author":[{"embeddable":true,"href":"https:\/\/vecinosdelinterior.com\/index.php\/wp-json\/wp\/v2\/users\/1"}],"replies":[{"embeddable":true,"href":"https:\/\/vecinosdelinterior.com\/index.php\/wp-json\/wp\/v2\/comments?post=1353"}],"version-history":[{"count":1,"href":"https:\/\/vecinosdelinterior.com\/index.php\/wp-json\/wp\/v2\/posts\/1353\/revisions"}],"predecessor-version":[{"id":1356,"href":"https:\/\/vecinosdelinterior.com\/index.php\/wp-json\/wp\/v2\/posts\/1353\/revisions\/1356"}],"wp:featuredmedia":[{"embeddable":true,"href":"https:\/\/vecinosdelinterior.com\/index.php\/wp-json\/wp\/v2\/media\/1354"}],"wp:attachment":[{"href":"https:\/\/vecinosdelinterior.com\/index.php\/wp-json\/wp\/v2\/media?parent=1353"}],"wp:term":[{"taxonomy":"category","embeddable":true,"href":"https:\/\/vecinosdelinterior.com\/index.php\/wp-json\/wp\/v2\/categories?post=1353"},{"taxonomy":"post_tag","embeddable":true,"href":"https:\/\/vecinosdelinterior.com\/index.php\/wp-json\/wp\/v2\/tags?post=1353"}],"curies":[{"name":"wp","href":"https:\/\/api.w.org\/{rel}","templated":true}]}}