{"id":1364,"date":"2024-01-31T15:43:05","date_gmt":"2024-01-31T18:43:05","guid":{"rendered":"https:\/\/vecinosdelinterior.com\/?p=1364"},"modified":"2024-01-31T15:43:06","modified_gmt":"2024-01-31T18:43:06","slug":"lujan-un-anciano-esta-internado-con-traumatismo-de-craneo-tras-ser-asaltado-y-golpeado-en-su-casa","status":"publish","type":"post","link":"https:\/\/vecinosdelinterior.com\/index.php\/2024\/01\/31\/lujan-un-anciano-esta-internado-con-traumatismo-de-craneo-tras-ser-asaltado-y-golpeado-en-su-casa\/","title":{"rendered":"Luj\u00e1n: un anciano est\u00e1 internado con traumatismo de cr\u00e1neo, tras ser asaltado y golpeado en su casa"},"content":{"rendered":"\n<p>El anciano de 70 a\u00f1os que fue asaltado y agredido en su hogar, este domingo por la noche, permanece internado con traumatismo de cr\u00e1neo. El robo fue en la estancia del paraje El Vinagrillo, en Luj\u00e1n.<\/p>\n\n\n\n<p>Desde el \u00e1rea de Salud del Hospital \u201cDoctor Ram\u00f3n Carillo\u201d informaron que el diagn\u00f3stico del hombre es politraumatismo, presenta un leve traumatismo en el cr\u00e1neo y tiene lesiones en el abdomen. El paciente continuar\u00e1 en sala com\u00fan para su observaci\u00f3n del avance de su salud.<\/p>\n\n\n\n<p>El hecho se produjo en la propiedad de la v\u00edctima que fue sorprendido por dos hombres que lo maniataron y lo redujeron. Transcurridas unas horas, el anciano logr\u00f3 desatarse y sali\u00f3 a pedir ayuda a un vecino.<\/p>\n\n\n\n<p>El hombre fue asistido por personal m\u00e9dico y trasladado al Hospital Ram\u00f3n Carrillo.<\/p>\n\n\n\n<p>Seg\u00fan efectivos, los ladrones sustrajeron del anciano su billetera con documentaci\u00f3n, dinero y armas de fuego.<\/p>\n\n\n\n<p>La causa est\u00e1 caratulada como \u201crobo agravado por lesiones\u201d e interviene la Fiscal\u00eda de Instrucci\u00f3n N\u00b01, Roxana Alcar\u00e1z.<\/p>\n","protected":false},"excerpt":{"rendered":"<p>El anciano de 70 a\u00f1os que fue asaltado y agredido en su hogar, este domingo por la noche, permanece internado con traumatismo de cr\u00e1neo. El robo fue en la estancia del paraje El Vinagrillo, en Luj\u00e1n. Desde el \u00e1rea de Salud del Hospital \u201cDoctor Ram\u00f3n Carillo\u201d informaron que el diagn\u00f3stico del hombre es politraumatismo, presenta [&hellip;]<\/p>\n","protected":false},"author":1,"featured_media":1365,"comment_status":"open","ping_status":"open","sticky":false,"template":"","format":"standard","meta":{"footnotes":""},"categories":[8,36],"tags":[84,60,310],"class_list":["post-1364","post","type-post","status-publish","format-standard","has-post-thumbnail","hentry","category-ayacucho","category-lujan","tag-asalto","tag-robo","tag-violencia"],"_links":{"self":[{"href":"https:\/\/vecinosdelinterior.com\/index.php\/wp-json\/wp\/v2\/posts\/1364","targetHints":{"allow":["GET"]}}],"collection":[{"href":"https:\/\/vecinosdelinterior.com\/index.php\/wp-json\/wp\/v2\/posts"}],"about":[{"href":"https:\/\/vecinosdelinterior.com\/index.php\/wp-json\/wp\/v2\/types\/post"}],"author":[{"embeddable":true,"href":"https:\/\/vecinosdelinterior.com\/index.php\/wp-json\/wp\/v2\/users\/1"}],"replies":[{"embeddable":true,"href":"https:\/\/vecinosdelinterior.com\/index.php\/wp-json\/wp\/v2\/comments?post=1364"}],"version-history":[{"count":1,"href":"https:\/\/vecinosdelinterior.com\/index.php\/wp-json\/wp\/v2\/posts\/1364\/revisions"}],"predecessor-version":[{"id":1366,"href":"https:\/\/vecinosdelinterior.com\/index.php\/wp-json\/wp\/v2\/posts\/1364\/revisions\/1366"}],"wp:featuredmedia":[{"embeddable":true,"href":"https:\/\/vecinosdelinterior.com\/index.php\/wp-json\/wp\/v2\/media\/1365"}],"wp:attachment":[{"href":"https:\/\/vecinosdelinterior.com\/index.php\/wp-json\/wp\/v2\/media?parent=1364"}],"wp:term":[{"taxonomy":"category","embeddable":true,"href":"https:\/\/vecinosdelinterior.com\/index.php\/wp-json\/wp\/v2\/categories?post=1364"},{"taxonomy":"post_tag","embeddable":true,"href":"https:\/\/vecinosdelinterior.com\/index.php\/wp-json\/wp\/v2\/tags?post=1364"}],"curies":[{"name":"wp","href":"https:\/\/api.w.org\/{rel}","templated":true}]}}