{"id":1370,"date":"2024-02-01T14:34:07","date_gmt":"2024-02-01T17:34:07","guid":{"rendered":"https:\/\/vecinosdelinterior.com\/?p=1370"},"modified":"2024-02-01T14:34:07","modified_gmt":"2024-02-01T17:34:07","slug":"el-servicio-que-brindaba-panaholma-sera-cubierto-por-3-empresas","status":"publish","type":"post","link":"https:\/\/vecinosdelinterior.com\/index.php\/2024\/02\/01\/el-servicio-que-brindaba-panaholma-sera-cubierto-por-3-empresas\/","title":{"rendered":"El servicio que brindaba Panaholma ser\u00e1 cubierto por 3 empresas"},"content":{"rendered":"\n<p>El Gobierno provincial, a trav\u00e9s de la secretar\u00eda de Transporte, solucion\u00f3 el vac\u00edo que dej\u00f3 la empresa Panaholma que interrumpi\u00f3 el servicio que prestaba en tres corredores y se qued\u00f3 s\u00f3lo con dos. \u201cEmpezamos r\u00e1pidamente a trabajar para darle tranquilidad tanto a los usuarios, garantiz\u00e1ndoles que el servicio de transporte iba a continuar, iba a seguir conectado a distintas localidades, y tambi\u00e9n a los distintos trabajadores de la empresa Panaholma, asegur\u00e1ndoles la continuidad laboral en sus puestos de trabajo\u201d, se\u00f1al\u00f3 V\u00edctor Cianchino, a cargo de la secretar\u00eda de Transporte de la provincia, quien destac\u00f3 el trabajo en conjunto entre la direcci\u00f3n de Relaciones Laborales, el grupo empresario y la Uni\u00f3n Tranviarios Automotor (UTA) \u201ca fin de poder llevar la mejor propuesta posible tanto para los trabajadores como para los usuarios del sistema de transporte\u201d.<\/p>\n\n\n\n<p>La Provincia ya design\u00f3 a las tres empresas que reemplazan a Panaholma en los recorridos que dej\u00f3 de explotar. Todas garantizaron la continuidad laboral, respetando la antig\u00fcedad de los 27 trabajadores afectados.<\/p>\n\n\n\n<p>Cianchino aclar\u00f3 que la empresa Panaholma seguir\u00e1 prestando servicio en el corredor de la Costa de los Comechingones. El transporte desde Merlo a Santa Rosa del Conlara y el tramo Merlo\u2013Papagayos continuar\u00e1 a cargo de la transportista cordobesa.<\/p>\n\n\n\n<p>Los nuevos prestadores del servicio de transporte<\/p>\n\n\n\n<p>-Grupo MR: San Luis-Villa Mercedes-Justo Daract.<\/p>\n\n\n\n<p>-Panamericana: San Luis-Merlo.<\/p>\n\n\n\n<p>-Blanca Paloma: Villa Mercedes-Merlo.<\/p>\n\n\n\n<p>\u201cLa propuesta de las distintas empresas es realmente superadora, ya que se comprometieron a cubrir el servicio con nueve unidades cero kil\u00f3metro, es decir, modelo 2024, que cuentan con la \u00faltima tecnolog\u00eda en todo lo que tiene que ver con seguridad y confort. Son unidades con butacas reclinables, aire acondicionado, sistema de c\u00e1maras a bordo, control de velocidad para los choferes, una inversi\u00f3n importante teniendo en cuenta el contexto que vive el pa\u00eds y nosotros lo celebramos\u201d, concluy\u00f3 V\u00edctor Cianchino.<\/p>\n","protected":false},"excerpt":{"rendered":"<p>El Gobierno provincial, a trav\u00e9s de la secretar\u00eda de Transporte, solucion\u00f3 el vac\u00edo que dej\u00f3 la empresa Panaholma que interrumpi\u00f3 el servicio que prestaba en tres corredores y se qued\u00f3 s\u00f3lo con dos. \u201cEmpezamos r\u00e1pidamente a trabajar para darle tranquilidad tanto a los usuarios, garantiz\u00e1ndoles que el servicio de transporte iba a continuar, iba a [&hellip;]<\/p>\n","protected":false},"author":1,"featured_media":1371,"comment_status":"open","ping_status":"open","sticky":false,"template":"","format":"standard","meta":{"footnotes":""},"categories":[8,92,75,29,223,275,23,127,187,24,73,91,98,220,45,30,57,31],"tags":[],"class_list":["post-1370","post","type-post","status-publish","format-standard","has-post-thumbnail","hentry","category-ayacucho","category-belgrano","category-carpinteria","category-chacabuco","category-concaran","category-cortaderas","category-junin","category-justo-daract","category-lafinur","category-los-molles","category-merlo","category-naschel","category-pedernera","category-renca","category-santa-rosa-del-conlara","category-tilisarao","category-valle-del-conlara","category-villa-del-carmen"],"_links":{"self":[{"href":"https:\/\/vecinosdelinterior.com\/index.php\/wp-json\/wp\/v2\/posts\/1370","targetHints":{"allow":["GET"]}}],"collection":[{"href":"https:\/\/vecinosdelinterior.com\/index.php\/wp-json\/wp\/v2\/posts"}],"about":[{"href":"https:\/\/vecinosdelinterior.com\/index.php\/wp-json\/wp\/v2\/types\/post"}],"author":[{"embeddable":true,"href":"https:\/\/vecinosdelinterior.com\/index.php\/wp-json\/wp\/v2\/users\/1"}],"replies":[{"embeddable":true,"href":"https:\/\/vecinosdelinterior.com\/index.php\/wp-json\/wp\/v2\/comments?post=1370"}],"version-history":[{"count":1,"href":"https:\/\/vecinosdelinterior.com\/index.php\/wp-json\/wp\/v2\/posts\/1370\/revisions"}],"predecessor-version":[{"id":1372,"href":"https:\/\/vecinosdelinterior.com\/index.php\/wp-json\/wp\/v2\/posts\/1370\/revisions\/1372"}],"wp:featuredmedia":[{"embeddable":true,"href":"https:\/\/vecinosdelinterior.com\/index.php\/wp-json\/wp\/v2\/media\/1371"}],"wp:attachment":[{"href":"https:\/\/vecinosdelinterior.com\/index.php\/wp-json\/wp\/v2\/media?parent=1370"}],"wp:term":[{"taxonomy":"category","embeddable":true,"href":"https:\/\/vecinosdelinterior.com\/index.php\/wp-json\/wp\/v2\/categories?post=1370"},{"taxonomy":"post_tag","embeddable":true,"href":"https:\/\/vecinosdelinterior.com\/index.php\/wp-json\/wp\/v2\/tags?post=1370"}],"curies":[{"name":"wp","href":"https:\/\/api.w.org\/{rel}","templated":true}]}}