{"id":1403,"date":"2024-02-05T12:55:54","date_gmt":"2024-02-05T15:55:54","guid":{"rendered":"https:\/\/vecinosdelinterior.com\/?p=1403"},"modified":"2024-02-09T14:56:51","modified_gmt":"2024-02-09T17:56:51","slug":"exitoso-carnaval-en-naschel-seis-comparsas-iluminaron-la-noche-del-sabado","status":"publish","type":"post","link":"https:\/\/vecinosdelinterior.com\/index.php\/2024\/02\/05\/exitoso-carnaval-en-naschel-seis-comparsas-iluminaron-la-noche-del-sabado\/","title":{"rendered":"Exitoso Carnaval en Naschel: Seis Comparsas Iluminaron la Noche del S\u00e1bado"},"content":{"rendered":"\n<p>La noche del s\u00e1bado en Naschel se visti\u00f3 de colores y ritmo con la celebraci\u00f3n del Carnaval, donde seis comparsas deslumbraron y llevaron la magia a las calles. Bajo el resplandor de luces y coloridos atuendos, acompa\u00f1adas por el ritmo de las bater\u00edas y batucadas sumado a la creatividad.<br>Las comparsas \u00abFlor de la Vida\u00bb, \u00abAlegr\u00eda\u00bb, \u00abArabela\u00bb, \u00abSol y Mar\u00bb, \u00abMaramb\u00fa\u00bb y \u00abMar-Kos\u00bb llenaron las calles con su energ\u00eda contagiosa, destacando la diversidad de estilos y la pasi\u00f3n de los participantes.<\/p>\n\n\n\n<figure class=\"wp-block-gallery has-nested-images columns-default is-cropped wp-block-gallery-1 is-layout-flex wp-block-gallery-is-layout-flex\">\n<figure class=\"wp-block-image size-large\"><img fetchpriority=\"high\" decoding=\"async\" width=\"960\" height=\"960\" data-id=\"1405\" src=\"https:\/\/vecinosdelinterior.com\/wp-content\/uploads\/2024\/02\/424889036_961013662097157_1617634313415644472_n.jpg\" alt=\"\" class=\"wp-image-1405\" srcset=\"https:\/\/vecinosdelinterior.com\/wp-content\/uploads\/2024\/02\/424889036_961013662097157_1617634313415644472_n.jpg 960w, https:\/\/vecinosdelinterior.com\/wp-content\/uploads\/2024\/02\/424889036_961013662097157_1617634313415644472_n-300x300.jpg 300w, https:\/\/vecinosdelinterior.com\/wp-content\/uploads\/2024\/02\/424889036_961013662097157_1617634313415644472_n-150x150.jpg 150w, https:\/\/vecinosdelinterior.com\/wp-content\/uploads\/2024\/02\/424889036_961013662097157_1617634313415644472_n-768x768.jpg 768w, https:\/\/vecinosdelinterior.com\/wp-content\/uploads\/2024\/02\/424889036_961013662097157_1617634313415644472_n-75x75.jpg 75w, https:\/\/vecinosdelinterior.com\/wp-content\/uploads\/2024\/02\/424889036_961013662097157_1617634313415644472_n-750x750.jpg 750w\" sizes=\"(max-width: 960px) 100vw, 960px\" \/><\/figure>\n\n\n\n<figure class=\"wp-block-image size-large\"><img decoding=\"async\" width=\"960\" height=\"960\" data-id=\"1404\" src=\"https:\/\/vecinosdelinterior.com\/wp-content\/uploads\/2024\/02\/424797318_961013805430476_5010101099841579757_n.jpg\" alt=\"\" class=\"wp-image-1404\" srcset=\"https:\/\/vecinosdelinterior.com\/wp-content\/uploads\/2024\/02\/424797318_961013805430476_5010101099841579757_n.jpg 960w, https:\/\/vecinosdelinterior.com\/wp-content\/uploads\/2024\/02\/424797318_961013805430476_5010101099841579757_n-300x300.jpg 300w, https:\/\/vecinosdelinterior.com\/wp-content\/uploads\/2024\/02\/424797318_961013805430476_5010101099841579757_n-150x150.jpg 150w, https:\/\/vecinosdelinterior.com\/wp-content\/uploads\/2024\/02\/424797318_961013805430476_5010101099841579757_n-768x768.jpg 768w, https:\/\/vecinosdelinterior.com\/wp-content\/uploads\/2024\/02\/424797318_961013805430476_5010101099841579757_n-75x75.jpg 75w, https:\/\/vecinosdelinterior.com\/wp-content\/uploads\/2024\/02\/424797318_961013805430476_5010101099841579757_n-750x750.jpg 750w\" sizes=\"(max-width: 960px) 100vw, 960px\" \/><\/figure>\n\n\n\n<figure class=\"wp-block-image size-large\"><img decoding=\"async\" width=\"960\" height=\"960\" data-id=\"1407\" src=\"https:\/\/vecinosdelinterior.com\/wp-content\/uploads\/2024\/02\/425908607_961013712097152_5513478596125889123_n.jpg\" alt=\"\" class=\"wp-image-1407\" srcset=\"https:\/\/vecinosdelinterior.com\/wp-content\/uploads\/2024\/02\/425908607_961013712097152_5513478596125889123_n.jpg 960w, https:\/\/vecinosdelinterior.com\/wp-content\/uploads\/2024\/02\/425908607_961013712097152_5513478596125889123_n-300x300.jpg 300w, https:\/\/vecinosdelinterior.com\/wp-content\/uploads\/2024\/02\/425908607_961013712097152_5513478596125889123_n-150x150.jpg 150w, https:\/\/vecinosdelinterior.com\/wp-content\/uploads\/2024\/02\/425908607_961013712097152_5513478596125889123_n-768x768.jpg 768w, https:\/\/vecinosdelinterior.com\/wp-content\/uploads\/2024\/02\/425908607_961013712097152_5513478596125889123_n-75x75.jpg 75w, https:\/\/vecinosdelinterior.com\/wp-content\/uploads\/2024\/02\/425908607_961013712097152_5513478596125889123_n-750x750.jpg 750w\" sizes=\"(max-width: 960px) 100vw, 960px\" \/><\/figure>\n\n\n\n<figure class=\"wp-block-image size-large\"><img loading=\"lazy\" decoding=\"async\" width=\"960\" height=\"960\" data-id=\"1406\" src=\"https:\/\/vecinosdelinterior.com\/wp-content\/uploads\/2024\/02\/425691630_961013532097170_667727309935049483_n.jpg\" alt=\"\" class=\"wp-image-1406\" srcset=\"https:\/\/vecinosdelinterior.com\/wp-content\/uploads\/2024\/02\/425691630_961013532097170_667727309935049483_n.jpg 960w, https:\/\/vecinosdelinterior.com\/wp-content\/uploads\/2024\/02\/425691630_961013532097170_667727309935049483_n-300x300.jpg 300w, https:\/\/vecinosdelinterior.com\/wp-content\/uploads\/2024\/02\/425691630_961013532097170_667727309935049483_n-150x150.jpg 150w, https:\/\/vecinosdelinterior.com\/wp-content\/uploads\/2024\/02\/425691630_961013532097170_667727309935049483_n-768x768.jpg 768w, https:\/\/vecinosdelinterior.com\/wp-content\/uploads\/2024\/02\/425691630_961013532097170_667727309935049483_n-75x75.jpg 75w, https:\/\/vecinosdelinterior.com\/wp-content\/uploads\/2024\/02\/425691630_961013532097170_667727309935049483_n-750x750.jpg 750w\" sizes=\"(max-width: 960px) 100vw, 960px\" \/><\/figure>\n<\/figure>\n\n\n\n<p><br>La gran concurrencia de familias y p\u00fablico local fue notoria, consolidando el Carnaval como uno de los eventos m\u00e1s esperados en Naschel. La comunidad se uni\u00f3 para disfrutar de la magia de las comparsas y vivir una noche llena de alegr\u00eda y tradici\u00f3n.<br>En especial, la participaci\u00f3n de las comparsas de adultos mayores, \u00abFlor de la Vida\u00bb y \u00abAlegr\u00eda\u00bb, ambas originarias de Naschel, fue recibida con entusiasmo y aplausos, resaltando la inclusi\u00f3n de todas las edades en esta festividad.<br>El punto culminante de la noche fue el impresionante cierre musical a cargo de Eze Pedraza y su banda, quienes hicieron vibrar a la multitud con su talento y energ\u00eda. La combinaci\u00f3n de las comparsas, la comunidad participativa y la actuaci\u00f3n estelar de la banda crearon un ambiente inolvidable, d\u00f3nde no hay dudas que Naschel celebr\u00f3 el carnaval en grande.<br>Tambi\u00e9n hay que destacar la participaci\u00f3n y trabajo de las y los emprendedores que instalaron sus puestos ofreciendo una gran variedad de productos que el p\u00fablico presente pudo aprovechar.<\/p>\n\n\n\n<figure class=\"wp-block-image size-full is-resized\"><a href=\"https:\/\/www.mercadopago.com.ar\/subscriptions\/checkout?preapproval_plan_id=2c9380848d698db6018d757eb1d5072d\" target=\"_blank\" rel=\"noreferrer noopener\"><img loading=\"lazy\" decoding=\"async\" src=\"https:\/\/vecinosdelinterior.com\/wp-content\/uploads\/2024\/02\/horizontal-gif-tre-sumas-1.gif\" alt=\"\" class=\"wp-image-1408\" width=\"1165\" height=\"186\"\/><\/a><\/figure>\n","protected":false},"excerpt":{"rendered":"<p>La noche del s\u00e1bado en Naschel se visti\u00f3 de colores y ritmo con la celebraci\u00f3n del Carnaval, donde seis comparsas deslumbraron y llevaron la magia a las calles. Bajo el resplandor de luces y coloridos atuendos, acompa\u00f1adas por el ritmo de las bater\u00edas y batucadas sumado a la creatividad.Las comparsas \u00abFlor de la Vida\u00bb, \u00abAlegr\u00eda\u00bb, [&hellip;]<\/p>\n","protected":false},"author":1,"featured_media":1405,"comment_status":"open","ping_status":"open","sticky":false,"template":"","format":"standard","meta":{"footnotes":""},"categories":[29,91],"tags":[333,119,175],"class_list":["post-1403","post","type-post","status-publish","format-standard","has-post-thumbnail","hentry","category-chacabuco","category-naschel","tag-festivales","tag-naschel","tag-turismo"],"_links":{"self":[{"href":"https:\/\/vecinosdelinterior.com\/index.php\/wp-json\/wp\/v2\/posts\/1403","targetHints":{"allow":["GET"]}}],"collection":[{"href":"https:\/\/vecinosdelinterior.com\/index.php\/wp-json\/wp\/v2\/posts"}],"about":[{"href":"https:\/\/vecinosdelinterior.com\/index.php\/wp-json\/wp\/v2\/types\/post"}],"author":[{"embeddable":true,"href":"https:\/\/vecinosdelinterior.com\/index.php\/wp-json\/wp\/v2\/users\/1"}],"replies":[{"embeddable":true,"href":"https:\/\/vecinosdelinterior.com\/index.php\/wp-json\/wp\/v2\/comments?post=1403"}],"version-history":[{"count":1,"href":"https:\/\/vecinosdelinterior.com\/index.php\/wp-json\/wp\/v2\/posts\/1403\/revisions"}],"predecessor-version":[{"id":1409,"href":"https:\/\/vecinosdelinterior.com\/index.php\/wp-json\/wp\/v2\/posts\/1403\/revisions\/1409"}],"wp:featuredmedia":[{"embeddable":true,"href":"https:\/\/vecinosdelinterior.com\/index.php\/wp-json\/wp\/v2\/media\/1405"}],"wp:attachment":[{"href":"https:\/\/vecinosdelinterior.com\/index.php\/wp-json\/wp\/v2\/media?parent=1403"}],"wp:term":[{"taxonomy":"category","embeddable":true,"href":"https:\/\/vecinosdelinterior.com\/index.php\/wp-json\/wp\/v2\/categories?post=1403"},{"taxonomy":"post_tag","embeddable":true,"href":"https:\/\/vecinosdelinterior.com\/index.php\/wp-json\/wp\/v2\/tags?post=1403"}],"curies":[{"name":"wp","href":"https:\/\/api.w.org\/{rel}","templated":true}]}}