{"id":1410,"date":"2024-02-05T14:03:30","date_gmt":"2024-02-05T17:03:30","guid":{"rendered":"https:\/\/vecinosdelinterior.com\/?p=1410"},"modified":"2024-02-09T14:56:34","modified_gmt":"2024-02-09T17:56:34","slug":"la-carolina-una-camioneta-paso-de-largo-en-una-curva-y-se-precipito-20-metros-por-una-ladera-de-las-sierras","status":"publish","type":"post","link":"https:\/\/vecinosdelinterior.com\/index.php\/2024\/02\/05\/la-carolina-una-camioneta-paso-de-largo-en-una-curva-y-se-precipito-20-metros-por-una-ladera-de-las-sierras\/","title":{"rendered":"La Carolina: una camioneta pas\u00f3 de largo en una curva y se precipit\u00f3 20 metros por una ladera de las sierras"},"content":{"rendered":"\n<p>Una pickup VW Amarok con 5 ocupantes protagoniz\u00f3 un fuerte siniestro vial este domingo por la tarde en el paraje Ca\u00f1ada Honda, a unos 7 kil\u00f3metros de La Carolina. El hecho no dej\u00f3 heridos ni da\u00f1os materiales de importancia.<\/p>\n\n\n\n<p>La camioneta pas\u00f3 de largo en una curva y se precipit\u00f3 unos 20 metros por una ladera de las sierras. Luego sigui\u00f3 su curso unos 100 metros m\u00e1s y evit\u00f3 una barranca de mayor pendiente.<\/p>\n\n\n\n<p>Bomberos Voluntarios de La Carolina acudieron al lugar para socorrer a los accidentados.<\/p>\n\n\n\n<p>Luego, un tractor y una camioneta 4\u00d74 pudieron sacar la camioneta. SL24<\/p>\n","protected":false},"excerpt":{"rendered":"<p>Una pickup VW Amarok con 5 ocupantes protagoniz\u00f3 un fuerte siniestro vial este domingo por la tarde en el paraje Ca\u00f1ada Honda, a unos 7 kil\u00f3metros de La Carolina. El hecho no dej\u00f3 heridos ni da\u00f1os materiales de importancia. La camioneta pas\u00f3 de largo en una curva y se precipit\u00f3 unos 20 metros por una [&hellip;]<\/p>\n","protected":false},"author":1,"featured_media":1411,"comment_status":"open","ping_status":"open","sticky":false,"template":"","format":"standard","meta":{"footnotes":""},"categories":[112,2],"tags":[355,46],"class_list":["post-1410","post","type-post","status-publish","format-standard","has-post-thumbnail","hentry","category-la-carolina","category-pringles","tag-carolina","tag-policiales"],"_links":{"self":[{"href":"https:\/\/vecinosdelinterior.com\/index.php\/wp-json\/wp\/v2\/posts\/1410","targetHints":{"allow":["GET"]}}],"collection":[{"href":"https:\/\/vecinosdelinterior.com\/index.php\/wp-json\/wp\/v2\/posts"}],"about":[{"href":"https:\/\/vecinosdelinterior.com\/index.php\/wp-json\/wp\/v2\/types\/post"}],"author":[{"embeddable":true,"href":"https:\/\/vecinosdelinterior.com\/index.php\/wp-json\/wp\/v2\/users\/1"}],"replies":[{"embeddable":true,"href":"https:\/\/vecinosdelinterior.com\/index.php\/wp-json\/wp\/v2\/comments?post=1410"}],"version-history":[{"count":1,"href":"https:\/\/vecinosdelinterior.com\/index.php\/wp-json\/wp\/v2\/posts\/1410\/revisions"}],"predecessor-version":[{"id":1412,"href":"https:\/\/vecinosdelinterior.com\/index.php\/wp-json\/wp\/v2\/posts\/1410\/revisions\/1412"}],"wp:featuredmedia":[{"embeddable":true,"href":"https:\/\/vecinosdelinterior.com\/index.php\/wp-json\/wp\/v2\/media\/1411"}],"wp:attachment":[{"href":"https:\/\/vecinosdelinterior.com\/index.php\/wp-json\/wp\/v2\/media?parent=1410"}],"wp:term":[{"taxonomy":"category","embeddable":true,"href":"https:\/\/vecinosdelinterior.com\/index.php\/wp-json\/wp\/v2\/categories?post=1410"},{"taxonomy":"post_tag","embeddable":true,"href":"https:\/\/vecinosdelinterior.com\/index.php\/wp-json\/wp\/v2\/tags?post=1410"}],"curies":[{"name":"wp","href":"https:\/\/api.w.org\/{rel}","templated":true}]}}