{"id":1413,"date":"2024-02-06T20:24:47","date_gmt":"2024-02-06T23:24:47","guid":{"rendered":"https:\/\/vecinosdelinterior.com\/?p=1413"},"modified":"2024-02-06T20:24:48","modified_gmt":"2024-02-06T23:24:48","slug":"paso-grande-celebrara-el-38o-festival-del-cuarzo","status":"publish","type":"post","link":"https:\/\/vecinosdelinterior.com\/index.php\/2024\/02\/06\/paso-grande-celebrara-el-38o-festival-del-cuarzo\/","title":{"rendered":"Paso Grande celebrar\u00e1 el 38\u00ba Festival del Cuarzo"},"content":{"rendered":"\n<p>Ser\u00e1 los d\u00edas 9 y 10 de febrero, cuando la localidad vivir\u00e1 dos jornadas cargadas de folklore, chamam\u00e9 y alegr\u00eda. La entrada es libre y gratuita.<\/p>\n\n\n\n<p>El Festival del Cuarzo es una tradici\u00f3n en Paso Grande. Las actividades de la edici\u00f3n n\u00famero 38 comenzar\u00e1n este viernes desde las 19:00 en la plaza p\u00fablica. En la primera jornada har\u00e1n un homenaje a mineros y habr\u00e1 desfile de reinas, carrozas, agrupaciones gauchas, ballet local con \u2018Danza del Conlara\u2019 y de La Toma con \u2018Renacer Cuyano\u2019 y asociaciones art\u00edsticas como \u2018Los del Cerro\u2019, \u2018Los duros del Chamam\u00e9\u2019, Gabriel Cantisani y su conjunto y \u2018El Rey Fernando y la Gozadera\u2019.<\/p>\n\n\n\n<p>El s\u00e1bado abrir\u00e1 el predio a las 20:30 en el escenario \u2018Adolfo Furlan\u2019. Durante la segunda noche presentar\u00e1n nuevamente al grupo \u2018Los del Cerro\u2019 y a los ballets \u2018Danza del Conlara\u2019 y \u2018Renacer Cuyano\u2019, aunque en esta oportunidad se sumar\u00e1n las agrupaciones \u2018Canto Nuevo\u2019, \u2018Clave Tr\u00edo\u2019, \u2018La Princesita del Chamam\u00e9\u2019, \u2018Labriegos\u2019, \u2018Folklore por 4\u2019 y \u2018Los Herrera\u2019.<\/p>\n\n\n\n<p>La Municipalidad de Paso Grande invita a toda la comunidad a asistir a ambas jornadas con su reposera para disfrutar de las veladas de entretenimiento y diversi\u00f3n.<\/p>\n","protected":false},"excerpt":{"rendered":"<p>Ser\u00e1 los d\u00edas 9 y 10 de febrero, cuando la localidad vivir\u00e1 dos jornadas cargadas de folklore, chamam\u00e9 y alegr\u00eda. La entrada es libre y gratuita. El Festival del Cuarzo es una tradici\u00f3n en Paso Grande. Las actividades de la edici\u00f3n n\u00famero 38 comenzar\u00e1n este viernes desde las 19:00 en la plaza p\u00fablica. En la [&hellip;]<\/p>\n","protected":false},"author":1,"featured_media":1414,"comment_status":"open","ping_status":"open","sticky":false,"template":"","format":"standard","meta":{"footnotes":""},"categories":[1],"tags":[353,262],"class_list":["post-1413","post","type-post","status-publish","format-standard","has-post-thumbnail","hentry","category-blog","tag-festival-del-cuarzo","tag-paso-grande"],"_links":{"self":[{"href":"https:\/\/vecinosdelinterior.com\/index.php\/wp-json\/wp\/v2\/posts\/1413","targetHints":{"allow":["GET"]}}],"collection":[{"href":"https:\/\/vecinosdelinterior.com\/index.php\/wp-json\/wp\/v2\/posts"}],"about":[{"href":"https:\/\/vecinosdelinterior.com\/index.php\/wp-json\/wp\/v2\/types\/post"}],"author":[{"embeddable":true,"href":"https:\/\/vecinosdelinterior.com\/index.php\/wp-json\/wp\/v2\/users\/1"}],"replies":[{"embeddable":true,"href":"https:\/\/vecinosdelinterior.com\/index.php\/wp-json\/wp\/v2\/comments?post=1413"}],"version-history":[{"count":1,"href":"https:\/\/vecinosdelinterior.com\/index.php\/wp-json\/wp\/v2\/posts\/1413\/revisions"}],"predecessor-version":[{"id":1415,"href":"https:\/\/vecinosdelinterior.com\/index.php\/wp-json\/wp\/v2\/posts\/1413\/revisions\/1415"}],"wp:featuredmedia":[{"embeddable":true,"href":"https:\/\/vecinosdelinterior.com\/index.php\/wp-json\/wp\/v2\/media\/1414"}],"wp:attachment":[{"href":"https:\/\/vecinosdelinterior.com\/index.php\/wp-json\/wp\/v2\/media?parent=1413"}],"wp:term":[{"taxonomy":"category","embeddable":true,"href":"https:\/\/vecinosdelinterior.com\/index.php\/wp-json\/wp\/v2\/categories?post=1413"},{"taxonomy":"post_tag","embeddable":true,"href":"https:\/\/vecinosdelinterior.com\/index.php\/wp-json\/wp\/v2\/tags?post=1413"}],"curies":[{"name":"wp","href":"https:\/\/api.w.org\/{rel}","templated":true}]}}