{"id":1419,"date":"2024-02-08T22:50:24","date_gmt":"2024-02-09T01:50:24","guid":{"rendered":"https:\/\/vecinosdelinterior.com\/?p=1419"},"modified":"2024-02-09T14:55:29","modified_gmt":"2024-02-09T17:55:29","slug":"este-sabado-papagayos-se-viste-de-fiesta","status":"publish","type":"post","link":"https:\/\/vecinosdelinterior.com\/index.php\/2024\/02\/08\/este-sabado-papagayos-se-viste-de-fiesta\/","title":{"rendered":"Este s\u00e1bado, Papagayos se viste de fiesta"},"content":{"rendered":"\n<p>Se llevar\u00e1 a cabo este s\u00e1bado, a partir de las 21:00, en la plaza principal con n\u00fameros art\u00edsticos, puestos de comida y stands de emprendedores. La entrada ser\u00e1 libre y gratuita.<\/p>\n\n\n\n<p>Las palmeras caranday son el orgullo de Papagayos, por eso la fiesta anual que realiza la localidad de la Costa de los Comechingones las tiene como principal estandarte. Este a\u00f1o ser\u00e1 la edici\u00f3n n\u00famero 23 y tiene una interesante grilla de artistas. estar\u00e1n el Ballet Amancay, Solfear, Joel Zalazar, Ballet Herencia Cultural, La Cuerda, Tradici\u00f3n Chamamecera y un gran cierre bailable con Chipote. La entrada ser\u00e1 libre y gratuita.<\/p>\n\n\n\n<figure class=\"wp-block-image size-large\"><img fetchpriority=\"high\" decoding=\"async\" width=\"819\" height=\"1024\" src=\"https:\/\/vecinosdelinterior.com\/wp-content\/uploads\/2024\/02\/WhatsApp-Image-2024-02-08-at-18.54.15-819x1024.jpeg\" alt=\"\" class=\"wp-image-1420\" srcset=\"https:\/\/vecinosdelinterior.com\/wp-content\/uploads\/2024\/02\/WhatsApp-Image-2024-02-08-at-18.54.15-819x1024.jpeg 819w, https:\/\/vecinosdelinterior.com\/wp-content\/uploads\/2024\/02\/WhatsApp-Image-2024-02-08-at-18.54.15-240x300.jpeg 240w, https:\/\/vecinosdelinterior.com\/wp-content\/uploads\/2024\/02\/WhatsApp-Image-2024-02-08-at-18.54.15-768x960.jpeg 768w, https:\/\/vecinosdelinterior.com\/wp-content\/uploads\/2024\/02\/WhatsApp-Image-2024-02-08-at-18.54.15-750x938.jpeg 750w, https:\/\/vecinosdelinterior.com\/wp-content\/uploads\/2024\/02\/WhatsApp-Image-2024-02-08-at-18.54.15.jpeg 1024w\" sizes=\"(max-width: 819px) 100vw, 819px\" \/><\/figure>\n","protected":false},"excerpt":{"rendered":"<p>Se llevar\u00e1 a cabo este s\u00e1bado, a partir de las 21:00, en la plaza principal con n\u00fameros art\u00edsticos, puestos de comida y stands de emprendedores. La entrada ser\u00e1 libre y gratuita. Las palmeras caranday son el orgullo de Papagayos, por eso la fiesta anual que realiza la localidad de la Costa de los Comechingones las [&hellip;]<\/p>\n","protected":false},"author":1,"featured_media":1420,"comment_status":"open","ping_status":"open","sticky":false,"template":"","format":"standard","meta":{"footnotes":""},"categories":[1],"tags":[333,354,175],"class_list":["post-1419","post","type-post","status-publish","format-standard","has-post-thumbnail","hentry","category-blog","tag-festivales","tag-papagayos","tag-turismo"],"_links":{"self":[{"href":"https:\/\/vecinosdelinterior.com\/index.php\/wp-json\/wp\/v2\/posts\/1419","targetHints":{"allow":["GET"]}}],"collection":[{"href":"https:\/\/vecinosdelinterior.com\/index.php\/wp-json\/wp\/v2\/posts"}],"about":[{"href":"https:\/\/vecinosdelinterior.com\/index.php\/wp-json\/wp\/v2\/types\/post"}],"author":[{"embeddable":true,"href":"https:\/\/vecinosdelinterior.com\/index.php\/wp-json\/wp\/v2\/users\/1"}],"replies":[{"embeddable":true,"href":"https:\/\/vecinosdelinterior.com\/index.php\/wp-json\/wp\/v2\/comments?post=1419"}],"version-history":[{"count":1,"href":"https:\/\/vecinosdelinterior.com\/index.php\/wp-json\/wp\/v2\/posts\/1419\/revisions"}],"predecessor-version":[{"id":1422,"href":"https:\/\/vecinosdelinterior.com\/index.php\/wp-json\/wp\/v2\/posts\/1419\/revisions\/1422"}],"wp:featuredmedia":[{"embeddable":true,"href":"https:\/\/vecinosdelinterior.com\/index.php\/wp-json\/wp\/v2\/media\/1420"}],"wp:attachment":[{"href":"https:\/\/vecinosdelinterior.com\/index.php\/wp-json\/wp\/v2\/media?parent=1419"}],"wp:term":[{"taxonomy":"category","embeddable":true,"href":"https:\/\/vecinosdelinterior.com\/index.php\/wp-json\/wp\/v2\/categories?post=1419"},{"taxonomy":"post_tag","embeddable":true,"href":"https:\/\/vecinosdelinterior.com\/index.php\/wp-json\/wp\/v2\/tags?post=1419"}],"curies":[{"name":"wp","href":"https:\/\/api.w.org\/{rel}","templated":true}]}}