{"id":1434,"date":"2024-02-10T11:53:27","date_gmt":"2024-02-10T14:53:27","guid":{"rendered":"https:\/\/vecinosdelinterior.com\/?p=1434"},"modified":"2024-02-10T11:53:28","modified_gmt":"2024-02-10T14:53:28","slug":"suenan-motores-del-rally-de-villa-larca","status":"publish","type":"post","link":"https:\/\/vecinosdelinterior.com\/index.php\/2024\/02\/10\/suenan-motores-del-rally-de-villa-larca\/","title":{"rendered":"Suenan motores del Rally de Villa Larca"},"content":{"rendered":"\n<p>Se cerraron pasadas las 14:00 de este viernes las inscripciones para la 9\u00aa edici\u00f3n del Rally de Villa Larca que tendr\u00e1 un recorrido total de 182,76 kil\u00f3metros divididos en 99,92 de tramos de velocidad pura y 82,84 de enlaces.<\/p>\n\n\n\n<p>Es la primera fecha del Campeonato Provincial 2024 y es organizado por el Autom\u00f3vil Club San Luis (ACSL) y la Municipalidad de Villa Larca y fiscalizado por la Federaci\u00f3n Regional de Automovilismo Deportivo de San Luis (FRADSL).<\/p>\n\n\n\n<p>A las 21:30 fue la rampa de largada simb\u00f3lica en la esquina de las calles Belgrano e Islas Malvinas de la plaza San Mart\u00edn.<\/p>\n\n\n\n<p>La velocidad pura comenz\u00f3 este s\u00e1bado con el primer tramo de velocidad que unir\u00e1 el Cruce a Balcarce-ruta 1 con 9 kil\u00f3metros de recorrido.<\/p>\n\n\n\n<p>La carrera terminar\u00e1 el domingo 11 cuando se desarrolle la segunda etapa desde las 8:13 y tendr\u00e1 34,05 kil\u00f3metros de velocidad pura y 28,61 kil\u00f3metros de enlaces.<\/p>\n\n\n\n<figure class=\"wp-block-gallery has-nested-images columns-default is-cropped wp-block-gallery-1 is-layout-flex wp-block-gallery-is-layout-flex\">\n<figure class=\"wp-block-image size-large\"><img fetchpriority=\"high\" decoding=\"async\" width=\"977\" height=\"855\" data-id=\"1435\" src=\"https:\/\/vecinosdelinterior.com\/wp-content\/uploads\/2024\/02\/425755209_777971377698533_8407220881589767957_n.jpg\" alt=\"\" class=\"wp-image-1435\" srcset=\"https:\/\/vecinosdelinterior.com\/wp-content\/uploads\/2024\/02\/425755209_777971377698533_8407220881589767957_n.jpg 977w, https:\/\/vecinosdelinterior.com\/wp-content\/uploads\/2024\/02\/425755209_777971377698533_8407220881589767957_n-300x263.jpg 300w, https:\/\/vecinosdelinterior.com\/wp-content\/uploads\/2024\/02\/425755209_777971377698533_8407220881589767957_n-768x672.jpg 768w, https:\/\/vecinosdelinterior.com\/wp-content\/uploads\/2024\/02\/425755209_777971377698533_8407220881589767957_n-750x656.jpg 750w\" sizes=\"(max-width: 977px) 100vw, 977px\" \/><\/figure>\n\n\n\n<figure class=\"wp-block-image size-large\"><img decoding=\"async\" width=\"868\" height=\"726\" data-id=\"1436\" src=\"https:\/\/vecinosdelinterior.com\/wp-content\/uploads\/2024\/02\/427028115_777970084365329_4319748601310875381_n.jpg\" alt=\"\" class=\"wp-image-1436\" srcset=\"https:\/\/vecinosdelinterior.com\/wp-content\/uploads\/2024\/02\/427028115_777970084365329_4319748601310875381_n.jpg 868w, https:\/\/vecinosdelinterior.com\/wp-content\/uploads\/2024\/02\/427028115_777970084365329_4319748601310875381_n-300x251.jpg 300w, https:\/\/vecinosdelinterior.com\/wp-content\/uploads\/2024\/02\/427028115_777970084365329_4319748601310875381_n-768x642.jpg 768w, https:\/\/vecinosdelinterior.com\/wp-content\/uploads\/2024\/02\/427028115_777970084365329_4319748601310875381_n-750x627.jpg 750w\" sizes=\"(max-width: 868px) 100vw, 868px\" \/><\/figure>\n\n\n\n<figure class=\"wp-block-image size-large\"><img decoding=\"async\" width=\"899\" height=\"848\" data-id=\"1437\" src=\"https:\/\/vecinosdelinterior.com\/wp-content\/uploads\/2024\/02\/426723089_777970164365321_6812703806066248803_n.jpg\" alt=\"\" class=\"wp-image-1437\" srcset=\"https:\/\/vecinosdelinterior.com\/wp-content\/uploads\/2024\/02\/426723089_777970164365321_6812703806066248803_n.jpg 899w, https:\/\/vecinosdelinterior.com\/wp-content\/uploads\/2024\/02\/426723089_777970164365321_6812703806066248803_n-300x283.jpg 300w, https:\/\/vecinosdelinterior.com\/wp-content\/uploads\/2024\/02\/426723089_777970164365321_6812703806066248803_n-768x724.jpg 768w, https:\/\/vecinosdelinterior.com\/wp-content\/uploads\/2024\/02\/426723089_777970164365321_6812703806066248803_n-750x707.jpg 750w\" sizes=\"(max-width: 899px) 100vw, 899px\" \/><\/figure>\n<\/figure>\n\n\n\n<p><br>Fotos: Gentileza Prensa Autom\u00f3vil Club San Luis.<\/p>\n","protected":false},"excerpt":{"rendered":"<p>Se cerraron pasadas las 14:00 de este viernes las inscripciones para la 9\u00aa edici\u00f3n del Rally de Villa Larca que tendr\u00e1 un recorrido total de 182,76 kil\u00f3metros divididos en 99,92 de tramos de velocidad pura y 82,84 de enlaces. Es la primera fecha del Campeonato Provincial 2024 y es organizado por el Autom\u00f3vil Club San [&hellip;]<\/p>\n","protected":false},"author":1,"featured_media":1435,"comment_status":"open","ping_status":"open","sticky":false,"template":"","format":"standard","meta":{"footnotes":""},"categories":[29,89],"tags":[357],"class_list":["post-1434","post","type-post","status-publish","format-standard","has-post-thumbnail","hentry","category-chacabuco","category-villa-larca","tag-rally-de-villa-larca"],"_links":{"self":[{"href":"https:\/\/vecinosdelinterior.com\/index.php\/wp-json\/wp\/v2\/posts\/1434","targetHints":{"allow":["GET"]}}],"collection":[{"href":"https:\/\/vecinosdelinterior.com\/index.php\/wp-json\/wp\/v2\/posts"}],"about":[{"href":"https:\/\/vecinosdelinterior.com\/index.php\/wp-json\/wp\/v2\/types\/post"}],"author":[{"embeddable":true,"href":"https:\/\/vecinosdelinterior.com\/index.php\/wp-json\/wp\/v2\/users\/1"}],"replies":[{"embeddable":true,"href":"https:\/\/vecinosdelinterior.com\/index.php\/wp-json\/wp\/v2\/comments?post=1434"}],"version-history":[{"count":1,"href":"https:\/\/vecinosdelinterior.com\/index.php\/wp-json\/wp\/v2\/posts\/1434\/revisions"}],"predecessor-version":[{"id":1438,"href":"https:\/\/vecinosdelinterior.com\/index.php\/wp-json\/wp\/v2\/posts\/1434\/revisions\/1438"}],"wp:featuredmedia":[{"embeddable":true,"href":"https:\/\/vecinosdelinterior.com\/index.php\/wp-json\/wp\/v2\/media\/1435"}],"wp:attachment":[{"href":"https:\/\/vecinosdelinterior.com\/index.php\/wp-json\/wp\/v2\/media?parent=1434"}],"wp:term":[{"taxonomy":"category","embeddable":true,"href":"https:\/\/vecinosdelinterior.com\/index.php\/wp-json\/wp\/v2\/categories?post=1434"},{"taxonomy":"post_tag","embeddable":true,"href":"https:\/\/vecinosdelinterior.com\/index.php\/wp-json\/wp\/v2\/tags?post=1434"}],"curies":[{"name":"wp","href":"https:\/\/api.w.org\/{rel}","templated":true}]}}