{"id":144,"date":"2023-07-18T09:59:41","date_gmt":"2023-07-18T12:59:41","guid":{"rendered":"https:\/\/vecinosdelinterior.com\/?p=144"},"modified":"2023-08-27T11:26:36","modified_gmt":"2023-08-27T14:26:36","slug":"con-gran-convocatoria-se-desarrollo-el-festival-animerlo-en-la-casa-del-poeta","status":"publish","type":"post","link":"https:\/\/vecinosdelinterior.com\/index.php\/2023\/07\/18\/con-gran-convocatoria-se-desarrollo-el-festival-animerlo-en-la-casa-del-poeta\/","title":{"rendered":"Con gran convocatoria, se desarroll\u00f3 el festival \u201cAnimerlo\u201d en la Casa del Poeta"},"content":{"rendered":"\n<p>Impulsado desde 2017, el colorido encuentro crece en cada edici\u00f3n con diversas propuestas y juegos que lo convierten en uno de los eventos m\u00e1s esperados en las Sierras de los Comechingones.<\/p>\n\n\n\n<p>Este domingo, el p\u00fablico pudo disfrutar de la fusi\u00f3n creativa en un ambiente vibrante con amplia variedad de actividades como la zona gammer, sesiones de danza, stands con emprendedores locales y un sector para la fotograf\u00eda, entre otros. El fr\u00edo no limit\u00f3 a los participantes que compartieron su pasi\u00f3n, mientras luc\u00edan a la moda de sus personajes favoritos.<\/p>\n\n\n\n<figure class=\"wp-block-image size-full\"><img fetchpriority=\"high\" decoding=\"async\" width=\"740\" height=\"499\" src=\"https:\/\/vecinosdelinterior.com\/wp-content\/uploads\/2023\/07\/ANIMERLO-2.jpeg\" alt=\"\" class=\"wp-image-145\" srcset=\"https:\/\/vecinosdelinterior.com\/wp-content\/uploads\/2023\/07\/ANIMERLO-2.jpeg 740w, https:\/\/vecinosdelinterior.com\/wp-content\/uploads\/2023\/07\/ANIMERLO-2-300x202.jpeg 300w\" sizes=\"(max-width: 740px) 100vw, 740px\" \/><\/figure>\n\n\n\n<p>\u201cTuvimos presentaciones importantes de gente de San Luis como Kamikaze Dance, Arcanas y Bahiano. Kamikaze comparti\u00f3 una coreograf\u00eda de su academia, la cual se luci\u00f3 en el espacio de la Casa del Poeta. Tambi\u00e9n tuvimos a nuestros invitados quienes vinieron de Mendoza y C\u00f3rdoba para mostrar sus espectaculares cosplays, basados en el popular juego \u00b4Genshin Impact\u00b4\u201d, indic\u00f3 una de las organizadoras, Carolina Besada Mari\u00f1o.<\/p>\n\n\n\n<p>El colorido evento cont\u00f3 con diversos concursos y la participaci\u00f3n de artistas locales. \u201cHubo shows musicales a cargo de talentosas cantantes como Marianne, de Merlo, que cautiv\u00f3 al p\u00fablico con su interpretaci\u00f3n de temas del famoso videojuego \u201cLeague of Legends\u201d y su cosplay de Jinx. Por su parte, Kazumi present\u00f3 una variada selecci\u00f3n de canciones para todos los gustos y edades, que se disfrut\u00f3 de la mejor manera en el auditorio\u201d, agreg\u00f3.<\/p>\n\n\n\n<figure class=\"wp-block-image size-full\"><img decoding=\"async\" width=\"740\" height=\"498\" src=\"https:\/\/vecinosdelinterior.com\/wp-content\/uploads\/2023\/07\/ANIMERLO-1.jpeg\" alt=\"\" class=\"wp-image-146\" srcset=\"https:\/\/vecinosdelinterior.com\/wp-content\/uploads\/2023\/07\/ANIMERLO-1.jpeg 740w, https:\/\/vecinosdelinterior.com\/wp-content\/uploads\/2023\/07\/ANIMERLO-1-300x202.jpeg 300w\" sizes=\"(max-width: 740px) 100vw, 740px\" \/><\/figure>\n\n\n\n<p>\u201cAnimerlo\u201d deja huellas y genera expectativas para futuras ediciones que se convertir\u00e1n en puntos de encuentro para compartir intereses o crear amistades, sostenidas por la admiraci\u00f3n a la cultura japonesa o los estilos geek.<\/p>\n","protected":false},"excerpt":{"rendered":"<p>Impulsado desde 2017, el colorido encuentro crece en cada edici\u00f3n con diversas propuestas y juegos que lo convierten en uno de los eventos m\u00e1s esperados en las Sierras de los Comechingones. Este domingo, el p\u00fablico pudo disfrutar de la fusi\u00f3n creativa en un ambiente vibrante con amplia variedad de actividades como la zona gammer, sesiones [&hellip;]<\/p>\n","protected":false},"author":1,"featured_media":146,"comment_status":"open","ping_status":"open","sticky":false,"template":"","format":"standard","meta":{"footnotes":""},"categories":[23,73],"tags":[175],"class_list":["post-144","post","type-post","status-publish","format-standard","has-post-thumbnail","hentry","category-junin","category-merlo","tag-turismo"],"_links":{"self":[{"href":"https:\/\/vecinosdelinterior.com\/index.php\/wp-json\/wp\/v2\/posts\/144","targetHints":{"allow":["GET"]}}],"collection":[{"href":"https:\/\/vecinosdelinterior.com\/index.php\/wp-json\/wp\/v2\/posts"}],"about":[{"href":"https:\/\/vecinosdelinterior.com\/index.php\/wp-json\/wp\/v2\/types\/post"}],"author":[{"embeddable":true,"href":"https:\/\/vecinosdelinterior.com\/index.php\/wp-json\/wp\/v2\/users\/1"}],"replies":[{"embeddable":true,"href":"https:\/\/vecinosdelinterior.com\/index.php\/wp-json\/wp\/v2\/comments?post=144"}],"version-history":[{"count":1,"href":"https:\/\/vecinosdelinterior.com\/index.php\/wp-json\/wp\/v2\/posts\/144\/revisions"}],"predecessor-version":[{"id":147,"href":"https:\/\/vecinosdelinterior.com\/index.php\/wp-json\/wp\/v2\/posts\/144\/revisions\/147"}],"wp:featuredmedia":[{"embeddable":true,"href":"https:\/\/vecinosdelinterior.com\/index.php\/wp-json\/wp\/v2\/media\/146"}],"wp:attachment":[{"href":"https:\/\/vecinosdelinterior.com\/index.php\/wp-json\/wp\/v2\/media?parent=144"}],"wp:term":[{"taxonomy":"category","embeddable":true,"href":"https:\/\/vecinosdelinterior.com\/index.php\/wp-json\/wp\/v2\/categories?post=144"},{"taxonomy":"post_tag","embeddable":true,"href":"https:\/\/vecinosdelinterior.com\/index.php\/wp-json\/wp\/v2\/tags?post=144"}],"curies":[{"name":"wp","href":"https:\/\/api.w.org\/{rel}","templated":true}]}}