{"id":1442,"date":"2024-02-11T11:51:32","date_gmt":"2024-02-11T14:51:32","guid":{"rendered":"https:\/\/vecinosdelinterior.com\/?p=1442"},"modified":"2024-02-11T11:51:32","modified_gmt":"2024-02-11T14:51:32","slug":"el-entrerriano-piton-manda-en-el-rally-de-villa-larca","status":"publish","type":"post","link":"https:\/\/vecinosdelinterior.com\/index.php\/2024\/02\/11\/el-entrerriano-piton-manda-en-el-rally-de-villa-larca\/","title":{"rendered":"El entrerriano Pit\u00f3n manda en el rally de Villa Larca"},"content":{"rendered":"\n<p>A bordo de un Gol Trend y navegado por Juan Pablo Capurro, el entrerriano de Gualeguay lidera la novena edici\u00f3n del rally de Villa Larca tras la primera etapa. La prueba finalizar\u00e1 este domingo.<\/p>\n\n\n\n<p>Adem\u00e1s de imponerse en la clasificaci\u00f3n general, el binomio mesopot\u00e1mico se impone en la Clase A, aventajando por 1\u2019 23\u201d 10\u2019\u201d a Fernando Pela-Ignacio Uez, segundos en la general y tambi\u00e9n escoltas en esa divisional.<br>La tercera colocaci\u00f3n de la general y primer puesto de la Clase N6 fue para Mario G\u00f3mez-Andr\u00e9s Gerez, que culminaron a 2\u2019 15\u201d 20\u2019\u201d, mientras que cuarto se ubic\u00f3 en el clasificador sabatino Pablo Chac\u00f3n, navegado por Mat\u00edas Barroso, adjudic\u00e1ndose parcialmente la Clase N5 y a 2\u2019 33\u201d09\u2019\u201d del l\u00edder.<br>Quinto fue el binomio Feliciano de La Mota-Rodrigo Raimonde, quienes a bordo de un Ford Fiesta lideran en la divisi\u00f3n RC5 y se encuentran a 2\u2019 43\u201d 20\u2019\u201d de la punta de la carrera.<br>La N2 es ganada por Marcelo Vilchez-Esteban Lucero (7\u00b0 en la general) y en la N2 Est\u00e1ndar se imponen Bruno Gregorio\u2013Gustavo Amaya (11\u00b0 en la general).<br>Este primer tramo de la competencia que tuvo recorrido un total de 65,87 kil\u00f3metros, se caracteriz\u00f3 por la alta velocidad desplegada por los protagonistas y por el gran n\u00famero de espectadores que se dieron cita a la vera del camino para presenciar el paso de las m\u00e1quinas.<br>La carrera llegar\u00e1 a su fin este domingo cuando se desarrolle la segunda etapa con las secciones 4 y 5. Se pondr\u00e1 en marcha a las 8:13 y se repetir\u00e1n los tramos del s\u00e1bado, es decir Cruce a Balcarce-ruta 1 y ruta 6-Chorro de San Ignacio. Luego de un reagrupamiento se correr\u00e1 el \u00faltimo y decisivo tramo entre ruta 1-Villa Larca, desde las 11:24.<br>La segunda etapa tendr\u00e1 34.05 kil\u00f3metros de velocidad pura y 28,61 kil\u00f3metros de enlaces, lo que sumado a lo del s\u00e1bado totalizar\u00e1 los 182,76 kil\u00f3metros de recorrido total.<\/p>\n","protected":false},"excerpt":{"rendered":"<p>A bordo de un Gol Trend y navegado por Juan Pablo Capurro, el entrerriano de Gualeguay lidera la novena edici\u00f3n del rally de Villa Larca tras la primera etapa. La prueba finalizar\u00e1 este domingo. Adem\u00e1s de imponerse en la clasificaci\u00f3n general, el binomio mesopot\u00e1mico se impone en la Clase A, aventajando por 1\u2019 23\u201d 10\u2019\u201d [&hellip;]<\/p>\n","protected":false},"author":1,"featured_media":1443,"comment_status":"open","ping_status":"open","sticky":false,"template":"","format":"standard","meta":{"footnotes":""},"categories":[29,89],"tags":[357],"class_list":["post-1442","post","type-post","status-publish","format-standard","has-post-thumbnail","hentry","category-chacabuco","category-villa-larca","tag-rally-de-villa-larca"],"_links":{"self":[{"href":"https:\/\/vecinosdelinterior.com\/index.php\/wp-json\/wp\/v2\/posts\/1442","targetHints":{"allow":["GET"]}}],"collection":[{"href":"https:\/\/vecinosdelinterior.com\/index.php\/wp-json\/wp\/v2\/posts"}],"about":[{"href":"https:\/\/vecinosdelinterior.com\/index.php\/wp-json\/wp\/v2\/types\/post"}],"author":[{"embeddable":true,"href":"https:\/\/vecinosdelinterior.com\/index.php\/wp-json\/wp\/v2\/users\/1"}],"replies":[{"embeddable":true,"href":"https:\/\/vecinosdelinterior.com\/index.php\/wp-json\/wp\/v2\/comments?post=1442"}],"version-history":[{"count":1,"href":"https:\/\/vecinosdelinterior.com\/index.php\/wp-json\/wp\/v2\/posts\/1442\/revisions"}],"predecessor-version":[{"id":1444,"href":"https:\/\/vecinosdelinterior.com\/index.php\/wp-json\/wp\/v2\/posts\/1442\/revisions\/1444"}],"wp:featuredmedia":[{"embeddable":true,"href":"https:\/\/vecinosdelinterior.com\/index.php\/wp-json\/wp\/v2\/media\/1443"}],"wp:attachment":[{"href":"https:\/\/vecinosdelinterior.com\/index.php\/wp-json\/wp\/v2\/media?parent=1442"}],"wp:term":[{"taxonomy":"category","embeddable":true,"href":"https:\/\/vecinosdelinterior.com\/index.php\/wp-json\/wp\/v2\/categories?post=1442"},{"taxonomy":"post_tag","embeddable":true,"href":"https:\/\/vecinosdelinterior.com\/index.php\/wp-json\/wp\/v2\/tags?post=1442"}],"curies":[{"name":"wp","href":"https:\/\/api.w.org\/{rel}","templated":true}]}}