{"id":1445,"date":"2024-02-11T12:01:29","date_gmt":"2024-02-11T15:01:29","guid":{"rendered":"https:\/\/vecinosdelinterior.com\/?p=1445"},"modified":"2024-02-11T12:01:29","modified_gmt":"2024-02-11T15:01:29","slug":"volco-al-esquivar-una-sachacabra","status":"publish","type":"post","link":"https:\/\/vecinosdelinterior.com\/index.php\/2024\/02\/11\/volco-al-esquivar-una-sachacabra\/","title":{"rendered":"Volc\u00f3 al esquivar una sachacabra"},"content":{"rendered":"\n<p><br>El auto marca Audi result\u00f3 con serios da\u00f1os materiales, tras el vuelco que el conductor protagoniz\u00f3 este s\u00e1bado en la autopista 55. Foto: gentileza Radio G.<\/p>\n\n\n\n<p>Un conductor result\u00f3 con heridas tras volcar en el autom\u00f3vil en el que viajaba por la autopista 55, en Concar\u00e1n, este s\u00e1bado a la tarde a la altura del kil\u00f3metro 894.<\/p>\n\n\n\n<p>El conductor y \u00fanico ocupante del Audi A4 color blanco asegur\u00f3 que el accidente ocurri\u00f3 al intentar esquivar una sachacabra (tambi\u00e9n conocida como corzuela parda o guazuncho), que se le atraves\u00f3 espont\u00e1neamente en el camino, y en la maniobra que realiz\u00f3 para no embestir al animal perdi\u00f3 el control del rodado, que termin\u00f3 apostado sobre el camino sobre su lateral izquierdo.<\/p>\n\n\n\n<p>Seg\u00fan inform\u00f3 Radio G, el conductor fue identificado como Juan Pablo Adin Mindurri, con domicilio en Arrecifes, Santa Fe. Tras el vuelco, el hombre fue asistido por civiles, entre ellos un presunto m\u00e9dico, quien lo inmoviliz\u00f3 y m\u00e1s tarde una ambulancia traslad\u00f3 al herido hacia el Hospital de Concar\u00e1n para realizarle estudios y tener un mejor diagn\u00f3stico sobre su salud.<\/p>\n","protected":false},"excerpt":{"rendered":"<p>El auto marca Audi result\u00f3 con serios da\u00f1os materiales, tras el vuelco que el conductor protagoniz\u00f3 este s\u00e1bado en la autopista 55. Foto: gentileza Radio G. Un conductor result\u00f3 con heridas tras volcar en el autom\u00f3vil en el que viajaba por la autopista 55, en Concar\u00e1n, este s\u00e1bado a la tarde a la altura del [&hellip;]<\/p>\n","protected":false},"author":1,"featured_media":1446,"comment_status":"open","ping_status":"open","sticky":false,"template":"","format":"standard","meta":{"footnotes":""},"categories":[29,223],"tags":[95,278],"class_list":["post-1445","post","type-post","status-publish","format-standard","has-post-thumbnail","hentry","category-chacabuco","category-concaran","tag-accidente-vial","tag-concaran"],"_links":{"self":[{"href":"https:\/\/vecinosdelinterior.com\/index.php\/wp-json\/wp\/v2\/posts\/1445","targetHints":{"allow":["GET"]}}],"collection":[{"href":"https:\/\/vecinosdelinterior.com\/index.php\/wp-json\/wp\/v2\/posts"}],"about":[{"href":"https:\/\/vecinosdelinterior.com\/index.php\/wp-json\/wp\/v2\/types\/post"}],"author":[{"embeddable":true,"href":"https:\/\/vecinosdelinterior.com\/index.php\/wp-json\/wp\/v2\/users\/1"}],"replies":[{"embeddable":true,"href":"https:\/\/vecinosdelinterior.com\/index.php\/wp-json\/wp\/v2\/comments?post=1445"}],"version-history":[{"count":1,"href":"https:\/\/vecinosdelinterior.com\/index.php\/wp-json\/wp\/v2\/posts\/1445\/revisions"}],"predecessor-version":[{"id":1447,"href":"https:\/\/vecinosdelinterior.com\/index.php\/wp-json\/wp\/v2\/posts\/1445\/revisions\/1447"}],"wp:featuredmedia":[{"embeddable":true,"href":"https:\/\/vecinosdelinterior.com\/index.php\/wp-json\/wp\/v2\/media\/1446"}],"wp:attachment":[{"href":"https:\/\/vecinosdelinterior.com\/index.php\/wp-json\/wp\/v2\/media?parent=1445"}],"wp:term":[{"taxonomy":"category","embeddable":true,"href":"https:\/\/vecinosdelinterior.com\/index.php\/wp-json\/wp\/v2\/categories?post=1445"},{"taxonomy":"post_tag","embeddable":true,"href":"https:\/\/vecinosdelinterior.com\/index.php\/wp-json\/wp\/v2\/tags?post=1445"}],"curies":[{"name":"wp","href":"https:\/\/api.w.org\/{rel}","templated":true}]}}