{"id":1456,"date":"2024-02-12T12:27:54","date_gmt":"2024-02-12T15:27:54","guid":{"rendered":"https:\/\/vecinosdelinterior.com\/?p=1456"},"modified":"2024-02-12T12:27:54","modified_gmt":"2024-02-12T15:27:54","slug":"cortaron-la-circulacion-de-la-ruta-que-une-la-carolina-con-san-francisco","status":"publish","type":"post","link":"https:\/\/vecinosdelinterior.com\/index.php\/2024\/02\/12\/cortaron-la-circulacion-de-la-ruta-que-une-la-carolina-con-san-francisco\/","title":{"rendered":"Cortaron la circulaci\u00f3n de la ruta que une La Carolina con San Francisco"},"content":{"rendered":"\n<p>Vialidad Provincial detect\u00f3 un derrumbe a la altura del kil\u00f3metro 4,5 entre el mirador del cerro El Amago y Rodeo de Gallinas. La intensa lluvia gener\u00f3 un da\u00f1o estructural en la carpeta asf\u00e1ltica. La interrupci\u00f3n es por tiempo indeterminado.<\/p>\n\n\n\n<p>Las fuertes precipitaciones ca\u00eddas en las \u00faltimas horas generaron un derrumbe sobre la ruta N\u00ba9, en el tramo que conecta a las localidades de San Francisco y La Carolina. La direcci\u00f3n de Vialidad Provincial inform\u00f3 que se produjo una ca\u00edda de rocas de gran tama\u00f1o en la zona del mirador del Cerro El Amago y Rodeo de las Gallinas, por lo que decidi\u00f3 realizar un corte de la circulaci\u00f3n por tiempo indeterminado.<\/p>\n\n\n\n<p>\u201cEn el recorrido entre el mirador y la intersecci\u00f3n de la ruta N\u00ba9 con la calle Pastor, tramo que comprende 11,7 kil\u00f3metros, el derrumbe se produjo a la altura del kil\u00f3metro 4,5, bajando hacia San Francisco. La gran cantidad de agua ca\u00edda en un corto periodo de tiempo produjo que desde el cerro baje un aluvi\u00f3n incontrolable de gran caudal que se filtr\u00f3 entre la carpeta asf\u00e1ltica y la pirca, lo que la descalz\u00f3 r\u00e1pidamente\u201d, explicaron fuentes del organismo provincial.<\/p>\n\n\n\n<p>Se\u00f1alaron que en este proceso el agua debilit\u00f3 la estructura de sost\u00e9n de la carpeta de hormig\u00f3n, lo que gener\u00f3 graves da\u00f1os y una fisura estructural, por lo que es insegura la circulaci\u00f3n de cualquier tipo de veh\u00edculo.<\/p>\n\n\n\n<figure class=\"wp-block-gallery has-nested-images columns-default is-cropped wp-block-gallery-1 is-layout-flex wp-block-gallery-is-layout-flex\">\n<figure class=\"wp-block-image size-large\"><img fetchpriority=\"high\" decoding=\"async\" width=\"1024\" height=\"768\" data-id=\"1457\" src=\"https:\/\/vecinosdelinterior.com\/wp-content\/uploads\/2024\/02\/IMG-20240212-WA0003-1024x768.jpg\" alt=\"\" class=\"wp-image-1457\" srcset=\"https:\/\/vecinosdelinterior.com\/wp-content\/uploads\/2024\/02\/IMG-20240212-WA0003-1024x768.jpg 1024w, https:\/\/vecinosdelinterior.com\/wp-content\/uploads\/2024\/02\/IMG-20240212-WA0003-300x225.jpg 300w, https:\/\/vecinosdelinterior.com\/wp-content\/uploads\/2024\/02\/IMG-20240212-WA0003-768x576.jpg 768w, https:\/\/vecinosdelinterior.com\/wp-content\/uploads\/2024\/02\/IMG-20240212-WA0003-750x563.jpg 750w, https:\/\/vecinosdelinterior.com\/wp-content\/uploads\/2024\/02\/IMG-20240212-WA0003.jpg 1040w\" sizes=\"(max-width: 1024px) 100vw, 1024px\" \/><\/figure>\n\n\n\n<figure class=\"wp-block-image size-large\"><img decoding=\"async\" width=\"900\" height=\"675\" data-id=\"1458\" src=\"https:\/\/vecinosdelinterior.com\/wp-content\/uploads\/2024\/02\/IMG-20240212-WA0002-900x675-1.jpg\" alt=\"\" class=\"wp-image-1458\" srcset=\"https:\/\/vecinosdelinterior.com\/wp-content\/uploads\/2024\/02\/IMG-20240212-WA0002-900x675-1.jpg 900w, https:\/\/vecinosdelinterior.com\/wp-content\/uploads\/2024\/02\/IMG-20240212-WA0002-900x675-1-300x225.jpg 300w, https:\/\/vecinosdelinterior.com\/wp-content\/uploads\/2024\/02\/IMG-20240212-WA0002-900x675-1-768x576.jpg 768w, https:\/\/vecinosdelinterior.com\/wp-content\/uploads\/2024\/02\/IMG-20240212-WA0002-900x675-1-750x563.jpg 750w\" sizes=\"(max-width: 900px) 100vw, 900px\" \/><\/figure>\n<\/figure>\n","protected":false},"excerpt":{"rendered":"<p>Vialidad Provincial detect\u00f3 un derrumbe a la altura del kil\u00f3metro 4,5 entre el mirador del cerro El Amago y Rodeo de Gallinas. La intensa lluvia gener\u00f3 un da\u00f1o estructural en la carpeta asf\u00e1ltica. La interrupci\u00f3n es por tiempo indeterminado. Las fuertes precipitaciones ca\u00eddas en las \u00faltimas horas generaron un derrumbe sobre la ruta N\u00ba9, en [&hellip;]<\/p>\n","protected":false},"author":1,"featured_media":1457,"comment_status":"open","ping_status":"open","sticky":false,"template":"","format":"standard","meta":{"footnotes":""},"categories":[8,112,2,9],"tags":[],"class_list":["post-1456","post","type-post","status-publish","format-standard","has-post-thumbnail","hentry","category-ayacucho","category-la-carolina","category-pringles","category-san-francisco"],"_links":{"self":[{"href":"https:\/\/vecinosdelinterior.com\/index.php\/wp-json\/wp\/v2\/posts\/1456","targetHints":{"allow":["GET"]}}],"collection":[{"href":"https:\/\/vecinosdelinterior.com\/index.php\/wp-json\/wp\/v2\/posts"}],"about":[{"href":"https:\/\/vecinosdelinterior.com\/index.php\/wp-json\/wp\/v2\/types\/post"}],"author":[{"embeddable":true,"href":"https:\/\/vecinosdelinterior.com\/index.php\/wp-json\/wp\/v2\/users\/1"}],"replies":[{"embeddable":true,"href":"https:\/\/vecinosdelinterior.com\/index.php\/wp-json\/wp\/v2\/comments?post=1456"}],"version-history":[{"count":1,"href":"https:\/\/vecinosdelinterior.com\/index.php\/wp-json\/wp\/v2\/posts\/1456\/revisions"}],"predecessor-version":[{"id":1459,"href":"https:\/\/vecinosdelinterior.com\/index.php\/wp-json\/wp\/v2\/posts\/1456\/revisions\/1459"}],"wp:featuredmedia":[{"embeddable":true,"href":"https:\/\/vecinosdelinterior.com\/index.php\/wp-json\/wp\/v2\/media\/1457"}],"wp:attachment":[{"href":"https:\/\/vecinosdelinterior.com\/index.php\/wp-json\/wp\/v2\/media?parent=1456"}],"wp:term":[{"taxonomy":"category","embeddable":true,"href":"https:\/\/vecinosdelinterior.com\/index.php\/wp-json\/wp\/v2\/categories?post=1456"},{"taxonomy":"post_tag","embeddable":true,"href":"https:\/\/vecinosdelinterior.com\/index.php\/wp-json\/wp\/v2\/tags?post=1456"}],"curies":[{"name":"wp","href":"https:\/\/api.w.org\/{rel}","templated":true}]}}