{"id":1461,"date":"2024-02-15T13:05:00","date_gmt":"2024-02-15T16:05:00","guid":{"rendered":"https:\/\/vecinosdelinterior.com\/?p=1461"},"modified":"2024-02-15T13:05:00","modified_gmt":"2024-02-15T16:05:00","slug":"el-condor-andino-recuperado-en-sierra-de-las-quijadas-se-prepara-para-volver-a-surcar-los-cielos","status":"publish","type":"post","link":"https:\/\/vecinosdelinterior.com\/index.php\/2024\/02\/15\/el-condor-andino-recuperado-en-sierra-de-las-quijadas-se-prepara-para-volver-a-surcar-los-cielos\/","title":{"rendered":"El c\u00f3ndor andino recuperado en Sierra de las Quijadas se prepara para volver a surcar los cielos"},"content":{"rendered":"\n<p>El ejemplar macho fue encontrado en octubre de 2023 con el ala derecha ca\u00edda y dificultades para volar. Gracias a la inmediata intervenci\u00f3n de la Polic\u00eda Ambiental y Ecol\u00f3gica, el ave fue trasladada a La Florida e ingres\u00f3 al Centro de Conservaci\u00f3n de Vida Silvestre (CCVS), donde le realizaron los primeros auxilios y comenz\u00f3 el per\u00edodo de rehabilitaci\u00f3n.<\/p>\n\n\n\n<p>El c\u00f3ndor andino es una especie nativa de la provincia de San Luis, se distribuye a lo largo y ancho de la cordillera de Am\u00e9rica del Sur, desde Venezuela hasta Tierra del Fuego. Su estado de conservaci\u00f3n es vulnerable. Entre las distintas amenazas que sufre se encuentra el envenenamiento por cebos t\u00f3xicos, la p\u00e9rdida de h\u00e1bitat y la creencia err\u00f3nea de considerar que atacaba al ganado para comer.<\/p>\n\n\n\n<p>Sin embargo, estos animales son carro\u00f1eros, s\u00f3lo comen animales muertos, y evita de esta manera la proliferaci\u00f3n de bacterias que pueden generar enfermedades en los humanos, y es por eso que es tan importante protegerlos. En la actualidad siguen siendo v\u00edctimas de cazadores, de heridas causadas por trampas y de envenenamiento por ingesti\u00f3n de balas de plomo con las que matan a los animales de los cuales se alimentan.<\/p>\n\n\n\n<p><\/p>\n","protected":false},"excerpt":{"rendered":"<p>El ejemplar macho fue encontrado en octubre de 2023 con el ala derecha ca\u00edda y dificultades para volar. Gracias a la inmediata intervenci\u00f3n de la Polic\u00eda Ambiental y Ecol\u00f3gica, el ave fue trasladada a La Florida e ingres\u00f3 al Centro de Conservaci\u00f3n de Vida Silvestre (CCVS), donde le realizaron los primeros auxilios y comenz\u00f3 el [&hellip;]<\/p>\n","protected":false},"author":1,"featured_media":1462,"comment_status":"open","ping_status":"open","sticky":false,"template":"","format":"standard","meta":{"footnotes":""},"categories":[92],"tags":[338],"class_list":["post-1461","post","type-post","status-publish","format-standard","has-post-thumbnail","hentry","category-belgrano","tag-sierra-de-las-quijadas"],"_links":{"self":[{"href":"https:\/\/vecinosdelinterior.com\/index.php\/wp-json\/wp\/v2\/posts\/1461","targetHints":{"allow":["GET"]}}],"collection":[{"href":"https:\/\/vecinosdelinterior.com\/index.php\/wp-json\/wp\/v2\/posts"}],"about":[{"href":"https:\/\/vecinosdelinterior.com\/index.php\/wp-json\/wp\/v2\/types\/post"}],"author":[{"embeddable":true,"href":"https:\/\/vecinosdelinterior.com\/index.php\/wp-json\/wp\/v2\/users\/1"}],"replies":[{"embeddable":true,"href":"https:\/\/vecinosdelinterior.com\/index.php\/wp-json\/wp\/v2\/comments?post=1461"}],"version-history":[{"count":1,"href":"https:\/\/vecinosdelinterior.com\/index.php\/wp-json\/wp\/v2\/posts\/1461\/revisions"}],"predecessor-version":[{"id":1463,"href":"https:\/\/vecinosdelinterior.com\/index.php\/wp-json\/wp\/v2\/posts\/1461\/revisions\/1463"}],"wp:featuredmedia":[{"embeddable":true,"href":"https:\/\/vecinosdelinterior.com\/index.php\/wp-json\/wp\/v2\/media\/1462"}],"wp:attachment":[{"href":"https:\/\/vecinosdelinterior.com\/index.php\/wp-json\/wp\/v2\/media?parent=1461"}],"wp:term":[{"taxonomy":"category","embeddable":true,"href":"https:\/\/vecinosdelinterior.com\/index.php\/wp-json\/wp\/v2\/categories?post=1461"},{"taxonomy":"post_tag","embeddable":true,"href":"https:\/\/vecinosdelinterior.com\/index.php\/wp-json\/wp\/v2\/tags?post=1461"}],"curies":[{"name":"wp","href":"https:\/\/api.w.org\/{rel}","templated":true}]}}